{"id":17754,"date":"2022-12-09T14:56:26","date_gmt":"2022-12-09T13:56:26","guid":{"rendered":"http:\/\/terraforming.org\/?p=17754"},"modified":"2024-04-02T13:59:40","modified_gmt":"2024-04-02T11:59:40","slug":"secanje-na-hildu-dajc-2023-javni-poziv","status":"publish","type":"post","link":"https:\/\/terraforming.org\/sr\/secanje-na-hildu-dajc-2023-javni-poziv\/","title":{"rendered":"Priznanje \u201dSe\u0107anje na Hildu Daj\u010d\u201d 2023"},"content":{"rendered":"<div  class='flex_column av-12x1mfu-6f14f368d476f88941da76571f613ab2 av_two_third  avia-builder-el-0  el_before_av_one_third  avia-builder-el-first  first flex_column_div  '     ><p>\n<style type=\"text\/css\" data-created_by=\"avia_inline_auto\" id=\"style-css-av-lbgkgymj-e0c6c22624d1d412520293aca40d882f\">\n.avia-image-container.av-lbgkgymj-e0c6c22624d1d412520293aca40d882f img.avia_image{\nbox-shadow:none;\n}\n.avia-image-container.av-lbgkgymj-e0c6c22624d1d412520293aca40d882f .av-image-caption-overlay-center{\ncolor:#ffffff;\n}\n<\/style>\n<div  class='avia-image-container av-lbgkgymj-e0c6c22624d1d412520293aca40d882f av-styling- av-img-linked avia-align-center  avia-builder-el-1  el_before_av_textblock  avia-builder-el-first '   itemprop=\"image\" itemscope=\"itemscope\" itemtype=\"https:\/\/schema.org\/ImageObject\" ><div class=\"avia-image-container-inner\"><div class=\"avia-image-overlay-wrap\"><a href=\"https:\/\/hildadajc.rs\/\" class='avia_image '  target=\"_blank\"  rel=\"noopener noreferrer\" aria-label='Predloz\u030ci kandidate'><img decoding=\"async\" fetchpriority=\"high\" class='wp-image-17755 avia-img-lazy-loading-not-17755 avia_image ' src=\"https:\/\/terraforming.org\/wp-content\/uploads\/2022\/12\/Predlozi-kandidate-za-Instagram-Post-Square.png\" alt='Predloz\u030ci kandidate' title='Predloz\u030ci kandidate'  height=\"1080\" width=\"1080\"  itemprop=\"thumbnailUrl\" srcset=\"https:\/\/terraforming.org\/wp-content\/uploads\/2022\/12\/Predlozi-kandidate-za-Instagram-Post-Square.png 1080w, https:\/\/terraforming.org\/wp-content\/uploads\/2022\/12\/Predlozi-kandidate-za-Instagram-Post-Square-300x300.png 300w, https:\/\/terraforming.org\/wp-content\/uploads\/2022\/12\/Predlozi-kandidate-za-Instagram-Post-Square-1030x1030.png 1030w, https:\/\/terraforming.org\/wp-content\/uploads\/2022\/12\/Predlozi-kandidate-za-Instagram-Post-Square-80x80.png 80w, https:\/\/terraforming.org\/wp-content\/uploads\/2022\/12\/Predlozi-kandidate-za-Instagram-Post-Square-768x768.png 768w, https:\/\/terraforming.org\/wp-content\/uploads\/2022\/12\/Predlozi-kandidate-za-Instagram-Post-Square-36x36.png 36w, https:\/\/terraforming.org\/wp-content\/uploads\/2022\/12\/Predlozi-kandidate-za-Instagram-Post-Square-180x180.png 180w, https:\/\/terraforming.org\/wp-content\/uploads\/2022\/12\/Predlozi-kandidate-za-Instagram-Post-Square-705x705.png 705w\" sizes=\"(max-width: 1080px) 100vw, 1080px\" \/><\/a><\/div><\/div><\/div><br \/>\n<section  class='av_textblock_section av-lbgkesm0-8bcaa0680e3e7e3fce88d2a3b1efa15e '   itemscope=\"itemscope\" itemtype=\"https:\/\/schema.org\/BlogPosting\" itemprop=\"blogPost\" ><div class='avia_textblock'  itemprop=\"text\" ><h1>Priznanje \u201dSe\u0107anje na Hildu Daj\u010d\u201d 2023<\/h1>\n<h3>Drugu godinu za redom fondacija \u201eSe\u0107anje na Hildu Daj\u010d\u201c dodeli\u0107e Priznanje za izuzetan doprinos kulturi se\u0107anja i Omladinsko priznanje za iskazanu gra\u0111ansku odgovornost i dru\u0161tvenu svest<\/h3>\n<p>Teraforming je, u saradnji sa drugim kolegama i organizacijama, inicirao kreiranje priznanja \u201dSe\u0107anje na Hildu Daj\u010d\u201d.<\/p>\n<p>Upravni odbor priznanja je na sednici odr\u017eanoj 7. Decembra 2022. godine, shodno pravilnika o radu i delovanju, doneo odluku da raspi\u0161e <strong>Javni poziv za dostavljanje predloga kandidata za dodelu priznanja \u201dSe\u0107anje na Hildu Daj\u010d\u201d za 2023. godinu.<\/strong><\/p>\n<h2>Pozivamo vas da predlo\u017eite kandidate!<\/h2>\n<p>Priznanje \u201eSe\u0107anje na Hildu Daj\u010d\u201c se dodeljuje u dve kategorije:<\/p>\n\n<style type=\"text\/css\" data-created_by=\"avia_inline_auto\" id=\"style-css-av-17tc2nu-e302bf98642f0f7b6ed8f964454a1cf4\">\n.av_font_icon.av-17tc2nu-e302bf98642f0f7b6ed8f964454a1cf4 .av-icon-char{\nfont-size:40px;\nline-height:40px;\n}\n<\/style>\n<span  class='av_font_icon av-17tc2nu-e302bf98642f0f7b6ed8f964454a1cf4 avia_animate_when_visible av-icon-style- avia-icon-pos-left avia-iconfont avia-font-entypo-fontello av-no-color avia-icon-animate'><span class='av-icon-char' data-av_icon='\ue871' data-av_iconfont='entypo-fontello' aria-hidden=\"true\" ><\/span><\/span>\n<p><span style=\"font-size: 18px; font-weight: 600; font-family: -apple-system, BlinkMacSystemFont, 'Segoe UI', Roboto, Oxygen-Sans, Ubuntu, Cantarell, 'Helvetica Neue', sans-serif;\">Priznanje \u201eSe\u0107anje na Hildu Daj\u010d\u201c za izuzetan doprinos kulturi se\u0107anja<\/span><\/p>\n<p>dodeli\u0107e se instituciji, organizaciji, ili pojedincu koji je dao zna\u010dajan doprinos negovanju, unapre\u0111enju i ja\u010danju kulture se\u0107anja na Holokaust u Republici Srbiji.<\/p>\n\n<style type=\"text\/css\" data-created_by=\"avia_inline_auto\" id=\"style-css-av-vgtuey-64156effda20c57f3af35a0142b8dd10\">\n.av_font_icon.av-vgtuey-64156effda20c57f3af35a0142b8dd10 .av-icon-char{\nfont-size:40px;\nline-height:40px;\n}\n<\/style>\n<span  class='av_font_icon av-vgtuey-64156effda20c57f3af35a0142b8dd10 avia_animate_when_visible av-icon-style- avia-icon-pos-left avia-iconfont avia-font-entypo-fontello av-no-color avia-icon-animate'><span class='av-icon-char' data-av_icon='\ue871' data-av_iconfont='entypo-fontello' aria-hidden=\"true\" ><\/span><\/span>\n<p><span style=\"font-size: 18px; font-weight: 600; font-family: -apple-system, BlinkMacSystemFont, 'Segoe UI', Roboto, Oxygen-Sans, Ubuntu, Cantarell, 'Helvetica Neue', sans-serif;\">Omladinsko priznanje \u201eSe\u0107anje na Hildu Daj\u010d\u201c<\/span><\/p>\n<p>dodeljuje se za iskazanu posebnu li\u010dnu i gra\u0111ansku odgovornost, dru\u0161tvenu svest, posve\u0107enost, solidarnost i humanost, identifikaciju problema i pokretanje akcije, posebno u svojim lokalnim zajednicama. Pro\u010ditajte vi\u0161e na sajtu <a href=\"https:\/\/hildadajc.rs\/\" target=\"_blank\" rel=\"noopener noreferrer nofollow\">www.hildadajc.rs<\/a><\/p>\n<h3>Javni poziv za predlaganje kandidata je objavljen 8. decembra<\/h3>\n<p>Javni poziv za dostavljanje predloga kandidata za dodelu priznanja \u201dSe\u0107anje na Hildu Daj\u010d\u201d za 2023. godinu je objavljen 8. decembra kako bi doprineli se\u0107anju na ovaj zna\u010dajan i tragi\u010dan datum. Po naredbi nema\u010dkih okupatora, 8. decembra 1941. godine beogradski Jevreji su bili prinu\u0111eni da se prijave u Specijalnu policiju za Jevreje u Ulici \u0110or\u0111a Va\u0161ingtona 21 u Beogradu.<\/p>\n<blockquote>\n<p>\u201cSvaki mo\u017ee poneti samo onoliko prtljaga koliko mogu sami nositi. Kod prijavljivanja ima da se predaju klju\u010devi od stana privezani sa napisom svog imena i ulice stanovanja. Stan ima kod odlaska da se zaklju\u010da. Treba poneti prekriva\u010d, pribor za jelo i hrane za jedan dan. Ko ne do\u0111e bi\u0107e najstro\u017ee ka\u017enjen.\u201d<\/p>\n<\/blockquote>\n<p>Tog dana svi su poslani u nema\u010dki logor na Starom beogradskom sajmi\u0161tu.<\/p>\n<h3>Jevrejski mu\u0161karci su ve\u0107 ubijeni<\/h3>\n<p>Prethodno, u avgustu 1941. Nemci su osnovali logor Topovske \u0161upe na Autokomandi u Beogradu. U logor su dovedeni jevrejski mu\u0161karci, ve\u0107inom iz Beograda, kao i Jevreji proterani iz Banata. Kasnije su dovo\u0111eni i romski mu\u0161karci. U logoru je bilo ukupno oko 5000 Jevreja i izme\u0111u 1000 i 1500 Roma. Logor Topovske \u0161upe je u tom periodu slu\u017eio kao glavni \u201drezervoar\u201d talaca, koji su masovno streljani na strati\u0161tima u Jajincima, kod sela Jabuka, Deliblatskoj pe\u0161\u010dari i drugim mestima. Tako je za nekoliko meseci na jesen 1941. godine, gotovo kompletno mu\u0161ko jevrejsko stanovni\u0161tvo sa teritorije Srbije pod Nema\u010dkom okupacijom ubijeno u masovnim streljanjima.<\/p>\n<h3>Logor na Beogradskom sajmi\u0161tu<\/h3>\n<p>Kada su Nemci osnovali logor na Beogradskom sajmi\u0161tu, nazvav\u0161i ga Jevrejski logor Zemun ili \u201dJudenlager Semlin\u201d, bio je to logor za preostale Jevreje na teritoriji okupirane Srbije, uglavnom \u017eene i decu. Logorom je upravljao Gestapo, a bio je pod komandom SS oficira. Od oko 6.400 zato\u010denih Jevreja, ve\u0107ina njih, oko 5.500, su bili iz Beograda. Ostali su bili iz Banata i iz drugih gradova sa teritorije Srbije pod nema\u010dkom okupacijom. U toku samo par nedelja od aprila do maja 1942. godine, jevrejske \u017eene i deca su sistematski ubijani u \u201ddu\u0161egupci\u201d (nem. Gaswagen) \u2013 kamionu preure\u0111enom u mobilnu gasnu komoru, specijalno konstruisanim i za tu svrhu dopremljenom iz Berlina. Pod la\u017enim premisama da ih prevoze u neki drugi logor u kojem su \u017eivotni uslovi bolji, gde ih tobo\u017ee \u010dekaju njihovi od ranije uhap\u0161eni mu\u017eevi i o\u010devi (koji su u stvari tada ve\u0107 bili streljani), grupe od oko 80-100 zato\u010denika bi se ukrcavale u kamion. Prevo\u017eeni su preko Save u Beograd preko privremenog pontonskog mosta pored sru\u0161enog mosta Kralja Aleksandra. Na drugoj strani obale, dvojica voza\u010da \u2013 nema\u010dkih SS oficira, bi prespojila cevi tako da su izduvni gasovi (ugljen-moniksid) ulazili u hermeti\u010dki zatvoreni prostor kamiona u kojem su se nalazili zaklju\u010dani \u201dputnici\u201d. Vozili su dalje kroz Beograd dok su se pozadi \u017eene i deca gu\u0161ili u otrovnom gasu, sve do Jajinaca, gde bi u spremne iskopane rake istresali tada ve\u0107 be\u017eivotna tela. Na taj izuzetno podmukao i okrutan na\u010din, od 6.400 zato\u010denih, nacisti su usmrtili 6.230 Jevreja, uglavnom \u017eena i dece.<\/p>\n<p>Kako su jevrejski mu\u0161karci uglavnom ve\u0107 stradali u masovnim streljanjima tokom proteklih meseci, ubijanjem preostalih \u017eena i dece iz logora na Sajmi\u0161tu je, kako su to nacisti cini\u010dno zvali, \u201dre\u0161eno jevrejsko pitanje u Srbiji\u201d. Sajmi\u0161te je tako postalo simbol Holokausta i stradanja Jevreja u okupiranoj Srbiji.<\/p>\n<h3>Pisma Hilde Daj\u010d<\/h3>\n<p>Jedno od retkih svedo\u010danstava o \u017eivotu u logoru ostavila nam je Hilda Daj\u010d kroz \u010detiri pisma koja je iz logora poslala svojim drugaricama.<\/p>\n<p>Detaljnije o istoriji Bepgradskog sajmi\u0161ta, okupaciji i Holokaustu, logoru na Starom sajmi\u0161tu, kako i za\u0161to se se\u0107amo: <a href=\"https:\/\/ester.rs\/logor-sajmiste\/\" target=\"_blank\" rel=\"noopener noreferrer nofollow\">o svemu pro\u010ditajte na na\u0161em sajtu \u201dEster\u201d.<\/a><\/p>\n<p>Vi\u0161e o priznanju \u201dSe\u0107anje na Hildu Daj\u010d\u201d pro\u010ditajte na sajtu <a href=\"https:\/\/hildadajc.rs\/\" target=\"_blank\" rel=\"noopener noreferrer nofollow\">www.hildadajc.rs<\/a><\/p>\n<\/div><\/section><\/p><\/div><div  class='flex_column av-ucvnq2-0464aa5b6f10dfc848bb433a52e7f66b av_one_third  avia-builder-el-5  el_after_av_two_third  avia-builder-el-last  flex_column_div  '     ><section  class='av_textblock_section av-lbhp54v4-64e58b35b6d50805384782f4aa113808 '   itemscope=\"itemscope\" itemtype=\"https:\/\/schema.org\/BlogPosting\" itemprop=\"blogPost\" ><div class='avia_textblock'  itemprop=\"text\" ><h3>Proces u narednom periodu:<\/h3>\n<\/div><\/section><br \/>\n<div  class='avia-icon-list-container av-lbhpgt8q-7aaed7841e56928d27be9044d8691dcb  avia-builder-el-7  el_after_av_textblock  avia-builder-el-last '><ul class='avia-icon-list avia_animate_when_almost_visible avia-icon-list-left av-iconlist-big av-lbhpgt8q-7aaed7841e56928d27be9044d8691dcb avia-iconlist-animate'>\n<li><div class='iconlist_icon av-lbhpez48-05c87c03d5a4a2568bdb880f0cb31c80 avia-font-entypo-fontello avia-iconfont avia-font-entypo-fontello'><span class='av-icon-char' data-av_icon='\ue8d2' data-av_iconfont='entypo-fontello' aria-hidden=\"true\"><\/span><\/div><article class=\"article-icon-entry \"  itemscope=\"itemscope\" itemtype=\"https:\/\/schema.org\/BlogPosting\" itemprop=\"blogPost\" ><div class=\"iconlist_content_wrap\"><header class=\"entry-content-header\" aria-label=\"Icon: 8. dec 2022\"><h4 class='av_iconlist_title iconlist_title  '  itemprop=\"headline\" >8. dec 2022<\/h4><\/header><div class='iconlist_content '  itemprop=\"text\" ><p>Raspisan Javni poziv<\/p>\n<\/div><\/div><footer class=\"entry-footer\"><\/footer><\/article><div class=\"iconlist-timeline\"><\/div><\/li>\n<li><div class='iconlist_icon av-lbhpff36-62441be79a3af1cb6cf27b1383ae7107 avia-font-entypo-fontello avia-iconfont avia-font-entypo-fontello'><span class='av-icon-char' data-av_icon='\ue82d' data-av_iconfont='entypo-fontello' aria-hidden=\"true\"><\/span><\/div><article class=\"article-icon-entry \"  itemscope=\"itemscope\" itemtype=\"https:\/\/schema.org\/BlogPosting\" itemprop=\"blogPost\" ><div class=\"iconlist_content_wrap\"><header class=\"entry-content-header\" aria-label=\"Icon: 08. dec 2022 - 15. apr 2023\"><h4 class='av_iconlist_title iconlist_title  '  itemprop=\"headline\" >08. dec 2022 - 15. apr 2023<\/h4><\/header><div class='iconlist_content '  itemprop=\"text\" ><p>Predlozi kandidata se prikupljaju<\/p>\n<\/div><\/div><footer class=\"entry-footer\"><\/footer><\/article><div class=\"iconlist-timeline\"><\/div><\/li>\n<li><div class='iconlist_icon av-lbhpfocm-2a9e1cf61265715caa031dfe90c7dcf8 avia-font-entypo-fontello avia-iconfont avia-font-entypo-fontello'><span class='av-icon-char' data-av_icon='' data-av_iconfont='entypo-fontello' aria-hidden=\"true\"><\/span><\/div><article class=\"article-icon-entry \"  itemscope=\"itemscope\" itemtype=\"https:\/\/schema.org\/BlogPosting\" itemprop=\"blogPost\" ><div class=\"iconlist_content_wrap\"><header class=\"entry-content-header\" aria-label=\"Icon: 15. mart 2023\"><h4 class='av_iconlist_title iconlist_title  '  itemprop=\"headline\" >15. mart 2023<\/h4><\/header><div class='iconlist_content '  itemprop=\"text\" ><p>Objavljena imena \u010dlanova \u017eirija<\/p>\n<\/div><\/div><footer class=\"entry-footer\"><\/footer><\/article><div class=\"iconlist-timeline\"><\/div><\/li>\n<li><div class='iconlist_icon av-lbhpg4w2-75bca14c46cb56a60723a5cabf9e2611 avia-font-entypo-fontello avia-iconfont avia-font-entypo-fontello'><span class='av-icon-char' data-av_icon='\ue84b' data-av_iconfont='entypo-fontello' aria-hidden=\"true\"><\/span><\/div><article class=\"article-icon-entry \"  itemscope=\"itemscope\" itemtype=\"https:\/\/schema.org\/BlogPosting\" itemprop=\"blogPost\" ><div class=\"iconlist_content_wrap\"><header class=\"entry-content-header\" aria-label=\"Icon: 15. apr 2023\"><h4 class='av_iconlist_title iconlist_title  '  itemprop=\"headline\" >15. apr 2023<\/h4><\/header><div class='iconlist_content '  itemprop=\"text\" ><p>Zaklju\u010dena lista kandidata<\/p>\n<\/div><\/div><footer class=\"entry-footer\"><\/footer><\/article><div class=\"iconlist-timeline\"><\/div><\/li>\n<li><div class='iconlist_icon av-lbhpgc1z-ab55963701783c68e6d3c2002616c1b4 avia-font-entypo-fontello avia-iconfont avia-font-entypo-fontello'><span class='av-icon-char' data-av_icon='\ue80b' data-av_iconfont='entypo-fontello' aria-hidden=\"true\"><\/span><\/div><article class=\"article-icon-entry \"  itemscope=\"itemscope\" itemtype=\"https:\/\/schema.org\/BlogPosting\" itemprop=\"blogPost\" ><div class=\"iconlist_content_wrap\"><header class=\"entry-content-header\" aria-label=\"Icon: 15. - 30. apr 2023\"><h4 class='av_iconlist_title iconlist_title  '  itemprop=\"headline\" >15. - 30. apr 2023<\/h4><\/header><div class='iconlist_content '  itemprop=\"text\" ><p>\u017diri razmatra kandidate<\/p>\n<\/div><\/div><footer class=\"entry-footer\"><\/footer><\/article><div class=\"iconlist-timeline\"><\/div><\/li>\n<li><div class='iconlist_icon av-lbhpgj0q-a50f280e632592efe0890b4e2e38ab51 avia-font-entypo-fontello avia-iconfont avia-font-entypo-fontello'><span class='av-icon-char' data-av_icon='\ue866' data-av_iconfont='entypo-fontello' aria-hidden=\"true\"><\/span><\/div><article class=\"article-icon-entry \"  itemscope=\"itemscope\" itemtype=\"https:\/\/schema.org\/BlogPosting\" itemprop=\"blogPost\" ><div class=\"iconlist_content_wrap\"><header class=\"entry-content-header\" aria-label=\"Icon: 01. maj 2023\"><h4 class='av_iconlist_title iconlist_title  '  itemprop=\"headline\" >01. maj 2023<\/h4><\/header><div class='iconlist_content '  itemprop=\"text\" ><p>\u017diri donosi odluku<\/p>\n<\/div><\/div><footer class=\"entry-footer\"><\/footer><\/article><div class=\"iconlist-timeline\"><\/div><\/li>\n<li><div class='iconlist_icon av-lbhpgqnm-3d464db6d63c374cd0d5a120b2185509 avia-font-entypo-fontello avia-iconfont avia-font-entypo-fontello'><span class='av-icon-char' data-av_icon='\ue806' data-av_iconfont='entypo-fontello' aria-hidden=\"true\"><\/span><\/div><article class=\"article-icon-entry \"  itemscope=\"itemscope\" itemtype=\"https:\/\/schema.org\/BlogPosting\" itemprop=\"blogPost\" ><div class=\"iconlist_content_wrap\"><header class=\"entry-content-header\" aria-label=\"Icon: 07. maj 2023\"><h4 class='av_iconlist_title iconlist_title  '  itemprop=\"headline\" >07. maj 2023<\/h4><\/header><div class='iconlist_content '  itemprop=\"text\" ><p>Sve\u010dana dodela priznanja<\/p>\n<\/div><\/div><footer class=\"entry-footer\"><\/footer><\/article><div class=\"iconlist-timeline\"><\/div><\/li>\n<\/ul><\/div><\/p><\/div><\/p>\n","protected":false},"excerpt":{"rendered":"<p>Raspisan je Javni poziv za dostavljanje predloga kandidata za dodelu priznanja \u201dSe\u0107anje na Hildu Daj\u010d\u201d za 2023. godinu. Pozivamo vas da predlo\u017eite kandidate! Priznanje se dodeljuje u dve kategorije: Priznanje \u201eSe\u0107anje na Hildu Daj\u010d\u201c za izuzetan doprinos kulturi se\u0107anja, i Omladinsko priznanje \u201eSe\u0107anje na Hildu Daj\u010d\u201c<\/p>\n","protected":false},"author":1,"featured_media":17755,"comment_status":"closed","ping_status":"open","sticky":false,"template":"","format":"standard","meta":{"_jetpack_memberships_contains_paid_content":false,"footnotes":"","jetpack_publicize_message":"","jetpack_publicize_feature_enabled":true,"jetpack_social_post_already_shared":false,"jetpack_social_options":{"image_generator_settings":{"template":"highway","default_image_id":0,"font":"","enabled":false},"version":2}},"categories":[118,115,163],"tags":[3034,3035,122],"class_list":["post-17754","post","type-post","status-publish","format-standard","has-post-thumbnail","hentry","category-manifestacije","category-novosti","category-vazno","tag-hilda-dajc","tag-priznanje","tag-srbija"],"aioseo_notices":[],"jetpack_publicize_connections":[],"jetpack_featured_media_url":"https:\/\/terraforming.org\/wp-content\/uploads\/2022\/12\/Predlozi-kandidate-za-Instagram-Post-Square.png","jetpack_sharing_enabled":true,"_links":{"self":[{"href":"https:\/\/terraforming.org\/sr\/wp-json\/wp\/v2\/posts\/17754","targetHints":{"allow":["GET"]}}],"collection":[{"href":"https:\/\/terraforming.org\/sr\/wp-json\/wp\/v2\/posts"}],"about":[{"href":"https:\/\/terraforming.org\/sr\/wp-json\/wp\/v2\/types\/post"}],"author":[{"embeddable":true,"href":"https:\/\/terraforming.org\/sr\/wp-json\/wp\/v2\/users\/1"}],"replies":[{"embeddable":true,"href":"https:\/\/terraforming.org\/sr\/wp-json\/wp\/v2\/comments?post=17754"}],"version-history":[{"count":8,"href":"https:\/\/terraforming.org\/sr\/wp-json\/wp\/v2\/posts\/17754\/revisions"}],"predecessor-version":[{"id":19689,"href":"https:\/\/terraforming.org\/sr\/wp-json\/wp\/v2\/posts\/17754\/revisions\/19689"}],"wp:featuredmedia":[{"embeddable":true,"href":"https:\/\/terraforming.org\/sr\/wp-json\/wp\/v2\/media\/17755"}],"wp:attachment":[{"href":"https:\/\/terraforming.org\/sr\/wp-json\/wp\/v2\/media?parent=17754"}],"wp:term":[{"taxonomy":"category","embeddable":true,"href":"https:\/\/terraforming.org\/sr\/wp-json\/wp\/v2\/categories?post=17754"},{"taxonomy":"post_tag","embeddable":true,"href":"https:\/\/terraforming.org\/sr\/wp-json\/wp\/v2\/tags?post=17754"}],"curies":[{"name":"wp","href":"https:\/\/api.w.org\/{rel}","templated":true}]}}