{"id":17786,"date":"2022-12-21T13:44:36","date_gmt":"2022-12-21T12:44:36","guid":{"rendered":"http:\/\/terraforming.org\/?p=17786"},"modified":"2024-04-02T13:55:17","modified_gmt":"2024-04-02T11:55:17","slug":"priznanje-za-najbolji-poster","status":"publish","type":"post","link":"https:\/\/terraforming.org\/sr\/priznanje-za-najbolji-poster\/","title":{"rendered":"Priznanje Teraformingu za najbolju poster-prezentaciju na konferenciji Bibliotekarskog dru\u0161tva Srbije"},"content":{"rendered":"<div  class='flex_column av-qalgey-3d1b0d8913908f034623397584a7488f av_one_full  avia-builder-el-0  el_before_av_two_fifth  avia-builder-el-first  first flex_column_div  '     ><p>\n<style type=\"text\/css\" data-created_by=\"avia_inline_auto\" id=\"style-css-av-lbxn7jw5-4eabb8eba89b7bfeda5ef38d46b12a40\">\n.avia-image-container.av-lbxn7jw5-4eabb8eba89b7bfeda5ef38d46b12a40 img.avia_image{\nbox-shadow:none;\n}\n.avia-image-container.av-lbxn7jw5-4eabb8eba89b7bfeda5ef38d46b12a40 .av-image-caption-overlay-center{\ncolor:#ffffff;\n}\n<\/style>\n<div  class='avia-image-container av-lbxn7jw5-4eabb8eba89b7bfeda5ef38d46b12a40 av-styling- avia-align-center  avia-builder-el-1  el_before_av_textblock  avia-builder-el-first '   itemprop=\"image\" itemscope=\"itemscope\" itemtype=\"https:\/\/schema.org\/ImageObject\" ><div class=\"avia-image-container-inner\"><div class=\"avia-image-overlay-wrap\"><img decoding=\"async\" fetchpriority=\"high\" class='wp-image-17793 avia-img-lazy-loading-not-17793 avia_image ' src=\"https:\/\/terraforming.org\/wp-content\/uploads\/2022\/12\/IMG_7369.jpg\" alt='' title='IMG_7369'  height=\"720\" width=\"1600\"  itemprop=\"thumbnailUrl\" srcset=\"https:\/\/terraforming.org\/wp-content\/uploads\/2022\/12\/IMG_7369.jpg 1600w, https:\/\/terraforming.org\/wp-content\/uploads\/2022\/12\/IMG_7369-300x135.jpg 300w, https:\/\/terraforming.org\/wp-content\/uploads\/2022\/12\/IMG_7369-1030x464.jpg 1030w, https:\/\/terraforming.org\/wp-content\/uploads\/2022\/12\/IMG_7369-768x346.jpg 768w, https:\/\/terraforming.org\/wp-content\/uploads\/2022\/12\/IMG_7369-1536x691.jpg 1536w, https:\/\/terraforming.org\/wp-content\/uploads\/2022\/12\/IMG_7369-1500x675.jpg 1500w, https:\/\/terraforming.org\/wp-content\/uploads\/2022\/12\/IMG_7369-705x317.jpg 705w\" sizes=\"(max-width: 1600px) 100vw, 1600px\" \/><\/div><\/div><\/div><br \/>\n<section  class='av_textblock_section av-lbxneywr-0f09a50c896fd1674588d17ad822a00f '   itemscope=\"itemscope\" itemtype=\"https:\/\/schema.org\/BlogPosting\" itemprop=\"blogPost\" ><div class='avia_textblock'  itemprop=\"text\" ><p><em>Izlo\u017eeni posteri u Narodnoj biblioteci Srbije.<\/em><\/p>\n<\/div><\/section><\/p><\/div>\n<div  class='flex_column av-kqhnzu-cbcb6fe9a050d94585605ff7dccf8a95 av_two_fifth  avia-builder-el-3  el_after_av_one_full  el_before_av_three_fifth  first flex_column_div  column-top-margin'     ><section  class='av_textblock_section av-lbxndviq-965d061803d0b8c286bea235a7c2113f '   itemscope=\"itemscope\" itemtype=\"https:\/\/schema.org\/BlogPosting\" itemprop=\"blogPost\" ><div class='avia_textblock'  itemprop=\"text\" ><blockquote>\n<p><strong>Prema stanovi\u0161tu posebno formirane komisije, kao najbolji poster Konferencije Bibliotekarskog dru\u0161tva Srbije ocenjen je poster koji je dizajnirao i predstavio Mi\u0161ko Stani\u0161i\u0107, odnosno njegova prezentacija \u201dRazvoj bibliote\u010dke platforme u Republici Srbiji za doprinos kulturi se\u0107anja na \u017ertve fa\u0161isti\u010dkog terora u Drugom svetskom radu.\u201d<\/strong><\/p>\n<\/blockquote>\n<\/div><\/section><\/div><div  class='flex_column av-1g9vam2-3a05ad78eb75f5149b5db065687b33a2 av_three_fifth  avia-builder-el-5  el_after_av_two_fifth  el_before_av_three_fifth  flex_column_div  column-top-margin'     ><p><div  class='avia-video av-11sofne-d0f6588f3b9b10125e434c9eb11fde61 avia-video-16-9 av-no-preview-image avia-video-load-always av-lazyload-immediate av-lazyload-video-embed'  itemprop=\"video\" itemtype=\"https:\/\/schema.org\/VideoObject\"  data-original_url='https:\/\/www.youtube.com\/watch?v=EJ8R1DBsCmc&amp;ab_channel=Terraforming'><script type='text\/html' class='av-video-tmpl'><span class=\"embed-youtube\" style=\"text-align:center; display: block;\"><iframe loading=\"lazy\" class=\"youtube-player\" width=\"1500\" height=\"844\" src=\"https:\/\/www.youtube.com\/embed\/EJ8R1DBsCmc?version=3&#038;rel=1&#038;showsearch=0&#038;showinfo=1&#038;iv_load_policy=1&#038;fs=1&#038;hl=sr-RS&#038;autohide=2&#038;wmode=transparent&autoplay=0&loop=0&controls=1&mute=0\" allowfullscreen=\"true\" style=\"border:0;\" sandbox=\"allow-scripts allow-same-origin allow-popups allow-presentation allow-popups-to-escape-sandbox\"><\/iframe><\/span><\/script><div class='av-click-to-play-overlay'><div class=\"avia_playpause_icon\"><\/div><\/div><\/div><br \/>\n<section  class='av_textblock_section av-wg94xm-8a8dcb8961d245b4c12f2f35d6b69c14 '   itemscope=\"itemscope\" itemtype=\"https:\/\/schema.org\/BlogPosting\" itemprop=\"blogPost\" ><div class='avia_textblock'  itemprop=\"text\" ><p><em>Video prezentacija uz poster.<\/em><\/p>\n<\/div><\/section><\/p><\/div><div  class='flex_column av-15p4l96-084e84bc9004065a2ce9bc1a87da61a3 av_three_fifth  avia-builder-el-8  el_after_av_three_fifth  el_before_av_two_fifth  first flex_column_div  '     ><section  class='av_textblock_section av-lbxmsrfa-0c13b35c0987fdbdb1112d25762d2571 '   itemscope=\"itemscope\" itemtype=\"https:\/\/schema.org\/BlogPosting\" itemprop=\"blogPost\" ><div class='avia_textblock'  itemprop=\"text\" ><h3>19. konferencija BDS u Beogradu<\/h3>\n<p>19. konferencija BDS \u201dUdru\u017eivanje, povezivanje i umre\u017eavanje bibliotekara\u201d odr\u017eana je u Beogradu 14 \u2013 16. decembar 2022. godine. Trodnevnim sve\u010danostima u kontekstu obele\u017eavanja 75 godina Bibliotekarskog dru\u0161tva Srbije krunisano je obele\u017eavanje Dana bibliotekara Srbije, 14. decembra.U programu su u\u010destvovali \u010dlanovi Bibliotekarskog dru\u0161tva Srbije, predstavnici Ministarstva kulture, ustanova i biblioteka u Srbiji, predstavnici partnerskih udru\u017eenja, bibliotekara i informacionih stru\u010dnjaka iz Bosne i Hercegovine, Hrvatske, Slovenije, Ma\u0111arske, Rumunije, Severne Makedonije, Gr\u010dke, Kipra, Holandije, Nema\u010dke, i Srbije.<\/p>\n<p>Mi\u0161ko Stani\u0161i\u0107, direktor Teraforminga, u\u010destvovao je u konferenciji u okviru programa \u201dposter-prezentacija\u201d sa temom \u201dRazvoj bibliote\u010dke platforme u Republici Srbiji za doprinos kulturi se\u0107anja na \u017ertve fa\u0161isti\u010dkog terora u Drugom svetskom radu.\u201d U ovom delu programa predstavljani su odabrani posteri uz kratke prezentacije u kojima su autori obja\u0161njavali koncept, odnosno temu koji su odabrali da prezentuju.<\/p>\n<h2>Razvoj bibliote\u010dke platforme u Republici Srbiji za doprinos kulturi se\u0107anja na \u017ertve fa\u0161isti\u010dkog terora u Drugom svetskom ratu<\/h2>\n<p>Ideja za stvaranje me\u0111unarodne bibliote\u010dke platforme za edukaciju o Holokaustu razvijana je tokom dvogodi\u0161njeg projekta koji je pokrenuo Teraforming, a na kojem su sara\u0111ivale Europeana, Narodna biblioteka Srbije, Univerzitetska biblioteka \u201dSvetozar Markovi\u0107\u201d, Univerzitetska biblioteka iz Be\u010da, Ku\u0107a Ane Frank iz Amsterdama, Memorijalni centar Holokausta makedonskih Jevreja, kao i niz stru\u010dnjaka vode\u0107ih me\u0111unarodnih institucija na polju kulture se\u0107anja kakve su Institut za edukaciju o Holokaustu iz Austrije, Centar za edukaciju o Holokaustu iz Londona, Jad Va\u0161em iz Izraela, Arolsen arhiv iz Nema\u010dke, i drugi.<\/p>\n<p>Polaze\u0107i od ve\u0107 postoje\u0107e bibliote\u010dke infrastrukture i stru\u010dnih kapaciteta bibliotekara, tradicionalne uloge biblioteka u dru\u0161tvu uop\u0161te a posebno u obrazovanju, i novih trendova u sferi digitalnog kulturnog nasle\u0111a, rezultat diskusija u okviru projekta je doneo konceptualni okvir koji mo\u017ee da poslu\u017ei kao baza za niz aktivnosti i saradnju na polju obrazovanja i u\u010denja o Holokaustu me\u0111u nacionalnim, akademskim, gradskim, zavi\u010dajnim i drugim bibliotekama.<br \/>\nObjavljena je i publikacija \u201dMe\u0111unarodna bibliote\u010dka platforma za edukaciju o Holokaustu\u201d. Projekat je nagra\u0111en presti\u017enom nagradom Jehuda Bauer Grant Me\u0111unarodne alijanse za se\u0107anje na Holokaust.<\/p>\n<p>Na BDS konferenciji ukratko je predstavljen ovaj koncept, uz konkretne predloge za razvoj specifi\u010dnih aktivnosti u bibliotekama u Republici Srbiji koje bi s jedne strane dale konkretan doprinos kulturi se\u0107anja na stradanja u Drugom svetskom ratu, kako Srba, Jevreja i Roma, tako i svih drugih \u017ertava fa\u0161isti\u010dkog terora, a sa druge strane otvorile prostor za me\u0111unarodnu saradnju na polju memorijalizacije i edukacije o ovoj istoriji sa bibliotekama u celom svetu.<\/p>\n<p>Poseban akcenat je na propoznavanju adekvatne ve\u0107 postoje\u0107e gra\u0111e, planiranje specifi\u010dnih javnih manifestacija za \u0161iru javnost, posebnih aktiviteta u saradnji sa obrazovnim institucijama, kao i sopstvenoj produkciji novih medija kakvi su video i audio podkasti. Za to je potrebno odre\u0111eno unapre\u0111enje znanja bibliotekara o osnovnim principima edukacije o Holokaustu i savremenoj kulturi se\u0107anja.<br \/>\nPonu\u0111ena su \u010detiri pristupa kro\u0161 koje biblioteke i bibliotekari Republike Srbije mogu da doprinesu kulturi se\u0107anja:<\/p>\n<ol>\n<li>Biblioteka kao prostor kulture se\u0107anja (npr. uz odgovaraju\u0107e tematske programe povodom specifi\u010dnih dana se\u0107anja)<\/li>\n<li>Bibliotekar i biblioteka kao spona izme\u0111u knji\u017eevnosti i edukativne dimenzije kulture se\u0107anja<\/li>\n<li>Bibliotekar i biblioteka kao nosioci narativa lokalne mikroistorije u kontekstu lokalne i nacionalne kulture se\u0107anja<\/li>\n<li>Bibliotekar i biblioteka kao kao nosioci narativa lokalne mikroistorije u kontekstu evropske kulture se\u0107anja i digitalne kulturne ba\u0161tine<\/li>\n<\/ol>\n<p>Kultura se\u0107anja mo\u017ee da se zloupotrebi u svrhu rasplamsavanja nacionalizma, straha i mr\u017enje. Istinska, iskrena i hrabra kultura se\u0107anja se bavi pro\u0161lo\u0161\u0107u na na\u010din koji sa pijetetom \u010duva se\u0107anje na \u017ertve, ali istovremeno promovi\u0161e gra\u0111anska i ljudska prava, pluralizam i kriti\u010dko mi\u0161ljenje. Upravo su stra\u0161ni zlo\u010dini iz pro\u0161losti direktno upozorenje da smo i kao pojedinci i kao dru\u0161tvo odgovorni da te demokratske i dru\u0161tvene vrednosti aktivno negujemo, ja\u010damo i branimo.<br \/>\nTakvoj kulturi se\u0107anja biblioteke mogu dati ogroman doprinos.<\/p>\n<\/div><\/section><\/div><div  class='flex_column av-nbjpui-a761bcdfe61c0e29f82f0c43edcc4311 av_two_fifth  avia-builder-el-10  el_after_av_three_fifth  avia-builder-el-last  flex_column_div  '     ><p><div  class='hr av-ia9856-f98fd339fb4f1cfb14859eb7345c4065 hr-default  avia-builder-el-11  el_before_av_hr  avia-builder-el-first '><span class='hr-inner '><span class=\"hr-inner-style\"><\/span><\/span><\/div><br \/>\n\n<style type=\"text\/css\" data-created_by=\"avia_inline_auto\" id=\"style-css-av-lbxnigsc-73452e0c2eefdc1736186ca28a6b596e\">\n#top .hr.hr-invisible.av-lbxnigsc-73452e0c2eefdc1736186ca28a6b596e{\nheight:100px;\n}\n<\/style>\n<div  class='hr av-lbxnigsc-73452e0c2eefdc1736186ca28a6b596e hr-invisible  avia-builder-el-12  el_after_av_hr  el_before_av_image '><span class='hr-inner '><span class=\"hr-inner-style\"><\/span><\/span><\/div><br \/>\n\n<style type=\"text\/css\" data-created_by=\"avia_inline_auto\" id=\"style-css-av-lbxmxmt6-974c70c1541acd6651b10f1f56a88ed9\">\n.avia-image-container.av-lbxmxmt6-974c70c1541acd6651b10f1f56a88ed9 img.avia_image{\nbox-shadow:none;\n}\n.avia-image-container.av-lbxmxmt6-974c70c1541acd6651b10f1f56a88ed9 .av-image-caption-overlay-center{\ncolor:#ffffff;\n}\n<\/style>\n<div  class='avia-image-container av-lbxmxmt6-974c70c1541acd6651b10f1f56a88ed9 av-styling- av-img-linked avia-align-center  avia-builder-el-13  el_after_av_hr  el_before_av_textblock '   itemprop=\"image\" itemscope=\"itemscope\" itemtype=\"https:\/\/schema.org\/ImageObject\" ><div class=\"avia-image-container-inner\"><div class=\"avia-image-overlay-wrap\"><a href=\"https:\/\/terraforming.org\/wp-content\/uploads\/2022\/12\/BDS-Poster-589x1030.jpg\" data-srcset=\"https:\/\/terraforming.org\/wp-content\/uploads\/2022\/12\/BDS-Poster-589x1030.jpg 589w, https:\/\/terraforming.org\/wp-content\/uploads\/2022\/12\/BDS-Poster-171x300.jpg 171w, https:\/\/terraforming.org\/wp-content\/uploads\/2022\/12\/BDS-Poster-768x1344.jpg 768w, https:\/\/terraforming.org\/wp-content\/uploads\/2022\/12\/BDS-Poster-878x1536.jpg 878w, https:\/\/terraforming.org\/wp-content\/uploads\/2022\/12\/BDS-Poster-857x1500.jpg 857w, https:\/\/terraforming.org\/wp-content\/uploads\/2022\/12\/BDS-Poster-403x705.jpg 403w, https:\/\/terraforming.org\/wp-content\/uploads\/2022\/12\/BDS-Poster.jpg 1000w\" data-sizes=\"(max-width: 589px) 100vw, 589px\" class='avia_image '  aria-label='BDS Poster'><img decoding=\"async\" fetchpriority=\"high\" class='wp-image-17787 avia-img-lazy-loading-not-17787 avia_image ' src=\"https:\/\/terraforming.org\/wp-content\/uploads\/2022\/12\/BDS-Poster.jpg\" alt='BDS Poster' title='BDS Poster'  height=\"1750\" width=\"1000\"  itemprop=\"thumbnailUrl\" srcset=\"https:\/\/terraforming.org\/wp-content\/uploads\/2022\/12\/BDS-Poster.jpg 1000w, https:\/\/terraforming.org\/wp-content\/uploads\/2022\/12\/BDS-Poster-171x300.jpg 171w, https:\/\/terraforming.org\/wp-content\/uploads\/2022\/12\/BDS-Poster-589x1030.jpg 589w, https:\/\/terraforming.org\/wp-content\/uploads\/2022\/12\/BDS-Poster-768x1344.jpg 768w, https:\/\/terraforming.org\/wp-content\/uploads\/2022\/12\/BDS-Poster-878x1536.jpg 878w, https:\/\/terraforming.org\/wp-content\/uploads\/2022\/12\/BDS-Poster-857x1500.jpg 857w, https:\/\/terraforming.org\/wp-content\/uploads\/2022\/12\/BDS-Poster-403x705.jpg 403w\" sizes=\"(max-width: 1000px) 100vw, 1000px\" \/><\/a><\/div><\/div><\/div><br \/>\n<section  class='av_textblock_section av-tiijwa-47d976293171cb305956a412a0626089 '   itemscope=\"itemscope\" itemtype=\"https:\/\/schema.org\/BlogPosting\" itemprop=\"blogPost\" ><div class='avia_textblock'  itemprop=\"text\" ><p><em>Poster je dizajnirao Mi\u0161ko Stani\u0161i\u0107<\/em><\/p>\n<\/div><\/section><\/p><\/div><\/p>\n","protected":false},"excerpt":{"rendered":"<p>Na konferenciji Bibliotekarskog dru\u0161tva Srbije priznanje za najbolju poster-prezentaciju \u201dRazvoj bibliote\u010dke platforme u Republici Srbiji za doprinos kulturi se\u0107anja na \u017ertve fa\u0161isti\u010dkog terora u Drugom svetskom ratu\u201d pripalo je Teraformingu!<\/p>\n","protected":false},"author":1,"featured_media":17793,"comment_status":"closed","ping_status":"open","sticky":false,"template":"","format":"standard","meta":{"_jetpack_memberships_contains_paid_content":false,"footnotes":"","jetpack_publicize_message":"","jetpack_publicize_feature_enabled":true,"jetpack_social_post_already_shared":false,"jetpack_social_options":{"image_generator_settings":{"template":"highway","default_image_id":0,"font":"","enabled":false},"version":2}},"categories":[118,115],"tags":[148,154,122],"class_list":["post-17786","post","type-post","status-publish","format-standard","has-post-thumbnail","hentry","category-manifestacije","category-novosti","tag-beograd","tag-biblioteka","tag-srbija"],"aioseo_notices":[],"jetpack_publicize_connections":[],"jetpack_featured_media_url":"https:\/\/terraforming.org\/wp-content\/uploads\/2022\/12\/IMG_7369.jpg","jetpack_sharing_enabled":true,"_links":{"self":[{"href":"https:\/\/terraforming.org\/sr\/wp-json\/wp\/v2\/posts\/17786","targetHints":{"allow":["GET"]}}],"collection":[{"href":"https:\/\/terraforming.org\/sr\/wp-json\/wp\/v2\/posts"}],"about":[{"href":"https:\/\/terraforming.org\/sr\/wp-json\/wp\/v2\/types\/post"}],"author":[{"embeddable":true,"href":"https:\/\/terraforming.org\/sr\/wp-json\/wp\/v2\/users\/1"}],"replies":[{"embeddable":true,"href":"https:\/\/terraforming.org\/sr\/wp-json\/wp\/v2\/comments?post=17786"}],"version-history":[{"count":11,"href":"https:\/\/terraforming.org\/sr\/wp-json\/wp\/v2\/posts\/17786\/revisions"}],"predecessor-version":[{"id":19688,"href":"https:\/\/terraforming.org\/sr\/wp-json\/wp\/v2\/posts\/17786\/revisions\/19688"}],"wp:featuredmedia":[{"embeddable":true,"href":"https:\/\/terraforming.org\/sr\/wp-json\/wp\/v2\/media\/17793"}],"wp:attachment":[{"href":"https:\/\/terraforming.org\/sr\/wp-json\/wp\/v2\/media?parent=17786"}],"wp:term":[{"taxonomy":"category","embeddable":true,"href":"https:\/\/terraforming.org\/sr\/wp-json\/wp\/v2\/categories?post=17786"},{"taxonomy":"post_tag","embeddable":true,"href":"https:\/\/terraforming.org\/sr\/wp-json\/wp\/v2\/tags?post=17786"}],"curies":[{"name":"wp","href":"https:\/\/api.w.org\/{rel}","templated":true}]}}