{"id":18669,"date":"2023-07-31T23:41:34","date_gmt":"2023-07-31T21:41:34","guid":{"rendered":"http:\/\/terraforming.org\/?p=18669"},"modified":"2024-05-09T12:56:23","modified_gmt":"2024-05-09T10:56:23","slug":"aktivno-secanje-na-stradanja-roma","status":"publish","type":"post","link":"https:\/\/terraforming.org\/sr\/aktivno-secanje-na-stradanja-roma\/","title":{"rendered":"\u0160titimo istorijske \u010dinjenice kroz aktivno se\u0107anje na stradanja Roma"},"content":{"rendered":"<div  class='flex_column av-1jr2rt9-8a22e5aa0bc9fd3bfbae079685fa7aed av_two_third  avia-builder-el-0  el_before_av_one_third  avia-builder-el-first  first flex_column_div  '     ><section  class='av_textblock_section av-lkrdsf8b-b6c2cc1f5cf7fa21b964270596d99f01 '   itemscope=\"itemscope\" itemtype=\"https:\/\/schema.org\/BlogPosting\" itemprop=\"blogPost\" ><div class='avia_textblock'  itemprop=\"text\" ><h1>\u0160titimo istorijske \u010dinjenice kroz aktivno se\u0107anje na stradanja Roma<\/h1>\n<h3>Podr\u0161ka kampanji Me\u0111unarodne alijanse za se\u0107anje na Holokaust IHRA povodom 2. avgusta, Me\u0111unarodnog dana se\u0107anja na Rome stradale u Drugom svetskom ratu<\/h3>\n<p>2. avgusta obele\u017eavamo Me\u0111unarodni dana se\u0107anja na Rome stradale u Drugom svetskom ratu, kada se se\u0107amo \u017ertava progona, terora i genocida nad romskim narodom \u0161irom Evrope. U nasilju i masovnim ubistvima tokom Drugog svetskog rata stradalo je izme\u0111u 250.000 i 500.000 evropskih Roma.<\/p>\n<p>Evropski parlament je 15. aprila 2015. godine doneo deklaraciju kojom se 2. avgust progla\u0161ava Evropskim danom se\u0107anja na \u017ertve genocida nad Romima za vreme Drugog svetskog rata. Ovaj datum je odabran u znak se\u0107anja na no\u0107 izme\u0111u 2. i 3. avgusta 1944. kada su u logoru Au\u0161vic-Birkenau Nemci likvidiralu poslednju grupu romskih zato\u010denika tzv. &#8222;ciganskog logora&#8220;.<\/p>\n<p>Diskriminacija, progoni i nasilje prema Romima traju vekovima. Nacisti\u010dka rasisti\u010dka ideologija se samo oslonila na ve\u0107 postoje\u0107e i uvre\u017eene predrasude i mr\u017enju prema Romima. Osim nema\u010dkog nacisti\u010dkog, u progonima i ubistvima Roma u\u010destvovali su aktivno i mnogi drugi fa\u0161isti\u010dki i ekstremni nacionalisti\u010dki re\u017eimi \u0161irom Evrope, kolaboracionisti\u010dke vlade i njihove policijske i vojne snage, kao i razne vojne i druge militantne formacije koje su u saradnji sa Nemcima ili sasvim samostalno tokom Drugog svetskog rata proganjali i ubijali Rome. Tako je i kolaboracionisti\u010dka Vlada okupirane Srbije aktivno u\u010destvovala i doprinosila u progonu i ubistvima Roma.<\/p>\n<p>Teror nad Romima tokom Drugo svetskog rata \u0161irom Evrope se odvijao pred o\u010dima drugih gra\u0111ana koji su kao pasivni posmatra\u010di pratili nasilje kojem su njihove kom\u0161ije bile podvrgnute. Neki su okretali glavu prave\u0107i se da ne vide, a neki su podstrekavali, pomagali, navijali i radovali se stradanjima Roma, i koristili situaciju da plja\u010dkaju i uzurpiraju imovinu Roma oteranih u logore.<\/p>\n<h3>Teror i ugnjetavanje Roma nije se zavr\u0161ilo porazom nacisti\u010dke Nema\u010dke<\/h3>\n<p>Progoni, nasilje, mr\u017enja, diskriminacija, segregacija i ugnjetavanje Roma nije se zavr\u0161ilo porazom nacisti\u010dke Nema\u010dke. Naprotiv, sve se to nastavilo \u0161irom Evrope, do dana\u0161njeg dana. Romi &#8211; najve\u0107a evropska nacionalna manjina, su istovremeno i najproganjanija i najdiskriminisanija grupa u svim evropskim dru\u0161tvima.<\/p>\n<p>Zato, na 2. avgust, Me\u0111unarodni dana se\u0107anja na Rome stradale u Drugom svetskom ratu, pitanje koje sebi moramo da postavimo je kako da aktivno doprinesemo, kao pojedinci, i kao dru\u0161tvo, da se prekine kontinuitet u diskriminaciji i nasilju kojim su Romi jo\u0161 uvek zlo\u017eeni.<\/p>\n<h3>Me\u0111unarodna kampanja #ProtectTheFacts protiv zloupotrebe istorije<\/h3>\n<p><strong>#ProtectTheFacts<\/strong> je deo \u0161ire kampanje Me\u0111unarodne alijanse za se\u0107anje na Holokaust (IHRA), Evropske komisije, Kancelarije OEBS-a za demokratske institucije i ljudska prava (ODIHR), Ujedinjenih nacija i Uneska, koji su udru\u017eili snage da podignu svest o problemu iskrivljavanja i zloupotrebe istorije Holokausta i genocida nad Romima u Drugom svetskom ratu.<\/p>\n<p>Pridru\u017ei se kampanji! Koristi ha\u0161tag <strong>#ProtectTheFacts<\/strong> i <a href=\"https:\/\/bit.ly\/2_avgust_kampanja\" target=\"_blank\" rel=\"noopener noreferrer nofollow\">preuzmi materijale ove kampanje za deljenje na dru\u0161tvenim mre\u017eama<\/a>.<\/p>\n<h3>Me\u0111unarodna alijansa za se\u0107anje na Holokaust IHRA<\/h3>\n<p>Me\u0111unarodna alijansa za se\u0107anje na Holokaust IHRA je me\u0111unarodna organizacija koja spaja vlade, stru\u010dnjake i aktiviste na polju kulture se\u0107anja, komemoracije, istra\u017eivanja i edukacije o Holokaustu. Kao najva\u017eniji me\u0111unarodni autoritet na ovom polju, kroz procese u kojem u\u010destvuju sve zemlje \u010dlanice, me\u0111u kojima je i Republika Srbija, IHRA kreira preporuke, definicije i smernice za memorijalizaciju Holokausta. Jedna od najva\u017enijih je i radna definicija anticiganizma i diskriminacije Roma koja je usvojena 8. oktobra 2020. godine. U toku je i zna\u010dajan IHRA projekat koji za cilj ima kreiranje preporuka za u\u010denje i podu\u010davanje o progonima i genocidu nad Romima za vreme nacizma. Planirano je da se preporuke predstave na 2. avgust 2024. godine.<\/p>\n<\/div><\/section><\/div>\n<div  class='flex_column av-fq8rx-95f6cd84d52fd0e7d44139e15413259e av_one_third  avia-builder-el-2  el_after_av_two_third  el_before_av_two_third  flex_column_div  '     ><section  class='av_textblock_section av-lks4195d-1381b8eb6fee279a8cc2a48b0b444700 '   itemscope=\"itemscope\" itemtype=\"https:\/\/schema.org\/BlogPosting\" itemprop=\"blogPost\" ><div class='avia_textblock'  itemprop=\"text\" ><p style=\"text-align: center;\"><strong>Mi\u0161ko Stani\u0161i\u0107 <\/strong>| 31. juli 2023.<\/p>\n<\/div><\/section><br \/>\n<div  class='hr av-uxczn1-24e887df634e265ffd2aa0f8b0ae7f43 hr-default  avia-builder-el-4  el_after_av_textblock  el_before_av_button '><span class='hr-inner '><span class=\"hr-inner-style\"><\/span><\/span><\/div><br \/>\n<div  class='avia-button-wrap av-lkrdty0p-ada15a8c552e4a4bba4a0056b7b1f9d3-wrap avia-button-center  avia-builder-el-5  el_after_av_hr  el_before_av_hr '><a href='https:\/\/bit.ly\/2_avgust_kampanja'  class='avia-button av-lkrdty0p-ada15a8c552e4a4bba4a0056b7b1f9d3 av-link-btn avia-icon_select-yes-left-icon avia-size-x-large avia-position-center avia-color-theme-color'  target=\"_blank\"  rel=\"noopener noreferrer\"  aria-label=\"Preuzmi grafi\u010dke materijale\"><span class='avia_button_icon avia_button_icon_left avia-iconfont avia-font-entypo-fontello' data-av_icon='\ue82d' data-av_iconfont='entypo-fontello' ><\/span><span class='avia_iconbox_title' >Preuzmi grafi\u010dke materijale<\/span><\/a><\/div><br \/>\n\n<style type=\"text\/css\" data-created_by=\"avia_inline_auto\" id=\"style-css-av-1yojwt-f5d1abe4efc4037896f255ce4b69c246\">\n#top .hr.hr-invisible.av-1yojwt-f5d1abe4efc4037896f255ce4b69c246{\nheight:100px;\n}\n<\/style>\n<div  class='hr av-1yojwt-f5d1abe4efc4037896f255ce4b69c246 hr-invisible  avia-builder-el-6  el_after_av_button  el_before_av_image '><span class='hr-inner '><span class=\"hr-inner-style\"><\/span><\/span><\/div><br \/>\n\n<style type=\"text\/css\" data-created_by=\"avia_inline_auto\" id=\"style-css-av-lkrdw0jx-7f339074dc1bd69f5fdc34ba51788883\">\n.avia-image-container.av-lkrdw0jx-7f339074dc1bd69f5fdc34ba51788883 img.avia_image{\nbox-shadow:none;\n}\n.avia-image-container.av-lkrdw0jx-7f339074dc1bd69f5fdc34ba51788883 .av-image-caption-overlay-center{\ncolor:#ffffff;\n}\n<\/style>\n<div  class='avia-image-container av-lkrdw0jx-7f339074dc1bd69f5fdc34ba51788883 av-styling- avia-align-center  avia-builder-el-7  el_after_av_hr  el_before_av_image '   itemprop=\"image\" itemscope=\"itemscope\" itemtype=\"https:\/\/schema.org\/ImageObject\" ><div class=\"avia-image-container-inner\"><div class=\"avia-image-overlay-wrap\"><img decoding=\"async\" fetchpriority=\"high\" class='wp-image-18675 avia-img-lazy-loading-not-18675 avia_image ' src=\"https:\/\/terraforming.org\/wp-content\/uploads\/2023\/07\/ProtectTheFacts_Remembrance_Serbian_3-1030x1030.jpg\" alt='#ProtectTheFacts' title='#ProtectTheFacts_Remembrance_Serbian_3'  height=\"1030\" width=\"1030\"  itemprop=\"thumbnailUrl\" srcset=\"https:\/\/terraforming.org\/wp-content\/uploads\/2023\/07\/ProtectTheFacts_Remembrance_Serbian_3-1030x1030.jpg 1030w, https:\/\/terraforming.org\/wp-content\/uploads\/2023\/07\/ProtectTheFacts_Remembrance_Serbian_3-300x300.jpg 300w, https:\/\/terraforming.org\/wp-content\/uploads\/2023\/07\/ProtectTheFacts_Remembrance_Serbian_3-80x80.jpg 80w, https:\/\/terraforming.org\/wp-content\/uploads\/2023\/07\/ProtectTheFacts_Remembrance_Serbian_3-768x768.jpg 768w, https:\/\/terraforming.org\/wp-content\/uploads\/2023\/07\/ProtectTheFacts_Remembrance_Serbian_3-36x36.jpg 36w, https:\/\/terraforming.org\/wp-content\/uploads\/2023\/07\/ProtectTheFacts_Remembrance_Serbian_3-180x180.jpg 180w, https:\/\/terraforming.org\/wp-content\/uploads\/2023\/07\/ProtectTheFacts_Remembrance_Serbian_3-705x705.jpg 705w, https:\/\/terraforming.org\/wp-content\/uploads\/2023\/07\/ProtectTheFacts_Remembrance_Serbian_3.jpg 1080w\" sizes=\"(max-width: 1030px) 100vw, 1030px\" \/><\/div><\/div><\/div><br \/>\n\n<style type=\"text\/css\" data-created_by=\"avia_inline_auto\" id=\"style-css-av-lkrdwmvp-b7db0e0f30ca20669b29dd28c4f8a0e8\">\n.avia-image-container.av-lkrdwmvp-b7db0e0f30ca20669b29dd28c4f8a0e8 img.avia_image{\nbox-shadow:none;\n}\n.avia-image-container.av-lkrdwmvp-b7db0e0f30ca20669b29dd28c4f8a0e8 .av-image-caption-overlay-center{\ncolor:#ffffff;\n}\n<\/style>\n<div  class='avia-image-container av-lkrdwmvp-b7db0e0f30ca20669b29dd28c4f8a0e8 av-styling- avia-align-center  avia-builder-el-8  el_after_av_image  avia-builder-el-last '   itemprop=\"image\" itemscope=\"itemscope\" itemtype=\"https:\/\/schema.org\/ImageObject\" ><div class=\"avia-image-container-inner\"><div class=\"avia-image-overlay-wrap\"><img decoding=\"async\" fetchpriority=\"high\" class='wp-image-18677 avia-img-lazy-loading-not-18677 avia_image ' src=\"https:\/\/terraforming.org\/wp-content\/uploads\/2023\/07\/ProtectTheFacts_Discrimination_Serbian_1-1030x1030.jpg\" alt='#ProtectTheFacts' title='#ProtectTheFacts'  height=\"1030\" width=\"1030\"  itemprop=\"thumbnailUrl\" srcset=\"https:\/\/terraforming.org\/wp-content\/uploads\/2023\/07\/ProtectTheFacts_Discrimination_Serbian_1-1030x1030.jpg 1030w, https:\/\/terraforming.org\/wp-content\/uploads\/2023\/07\/ProtectTheFacts_Discrimination_Serbian_1-300x300.jpg 300w, https:\/\/terraforming.org\/wp-content\/uploads\/2023\/07\/ProtectTheFacts_Discrimination_Serbian_1-80x80.jpg 80w, https:\/\/terraforming.org\/wp-content\/uploads\/2023\/07\/ProtectTheFacts_Discrimination_Serbian_1-768x768.jpg 768w, https:\/\/terraforming.org\/wp-content\/uploads\/2023\/07\/ProtectTheFacts_Discrimination_Serbian_1-36x36.jpg 36w, https:\/\/terraforming.org\/wp-content\/uploads\/2023\/07\/ProtectTheFacts_Discrimination_Serbian_1-180x180.jpg 180w, https:\/\/terraforming.org\/wp-content\/uploads\/2023\/07\/ProtectTheFacts_Discrimination_Serbian_1-705x705.jpg 705w, https:\/\/terraforming.org\/wp-content\/uploads\/2023\/07\/ProtectTheFacts_Discrimination_Serbian_1.jpg 1080w\" sizes=\"(max-width: 1030px) 100vw, 1030px\" \/><\/div><\/div><\/div><\/p><\/div>\n<div  class='flex_column av-2teiq5-8b145ffe80afc39b22e61ab7302d6e7b av_two_third  avia-builder-el-9  el_after_av_one_third  el_before_av_one_third  first flex_column_div  column-top-margin'     ><p>\n<style type=\"text\/css\" data-created_by=\"avia_inline_auto\" id=\"style-css-av-av_hr-8ddc7023771561a08c2d1878cbb01bdc\">\n#top .hr.hr-invisible.av-av_hr-8ddc7023771561a08c2d1878cbb01bdc{\nheight:30px;\n}\n<\/style>\n<div  class='hr av-av_hr-8ddc7023771561a08c2d1878cbb01bdc hr-invisible  avia-builder-el-10  el_before_av_image  avia-builder-el-first '><span class='hr-inner '><span class=\"hr-inner-style\"><\/span><\/span><\/div><br \/>\n\n<style type=\"text\/css\" data-created_by=\"avia_inline_auto\" id=\"style-css-av-lkre1kw9-2306da2c2309b494015e039e98f4d87b\">\n.avia-image-container.av-lkre1kw9-2306da2c2309b494015e039e98f4d87b img.avia_image{\nbox-shadow:none;\n}\n.avia-image-container.av-lkre1kw9-2306da2c2309b494015e039e98f4d87b .av-image-caption-overlay-center{\ncolor:#ffffff;\n}\n<\/style>\n<div  class='avia-image-container av-lkre1kw9-2306da2c2309b494015e039e98f4d87b av-styling- avia-align-center  avia-builder-el-11  el_after_av_hr  avia-builder-el-last '   itemprop=\"image\" itemscope=\"itemscope\" itemtype=\"https:\/\/schema.org\/ImageObject\" ><div class=\"avia-image-container-inner\"><div class=\"avia-image-overlay-wrap\"><img decoding=\"async\" fetchpriority=\"high\" class='wp-image-18671 avia-img-lazy-loading-not-18671 avia_image ' src=\"https:\/\/terraforming.org\/wp-content\/uploads\/2023\/07\/ProtectTheFacts_Remembrance_Serbian_5.jpg\" alt='#ProtectTheFacts' title='#ProtectTheFacts'  height=\"1080\" width=\"1080\"  itemprop=\"thumbnailUrl\" srcset=\"https:\/\/terraforming.org\/wp-content\/uploads\/2023\/07\/ProtectTheFacts_Remembrance_Serbian_5.jpg 1080w, https:\/\/terraforming.org\/wp-content\/uploads\/2023\/07\/ProtectTheFacts_Remembrance_Serbian_5-300x300.jpg 300w, https:\/\/terraforming.org\/wp-content\/uploads\/2023\/07\/ProtectTheFacts_Remembrance_Serbian_5-1030x1030.jpg 1030w, https:\/\/terraforming.org\/wp-content\/uploads\/2023\/07\/ProtectTheFacts_Remembrance_Serbian_5-80x80.jpg 80w, https:\/\/terraforming.org\/wp-content\/uploads\/2023\/07\/ProtectTheFacts_Remembrance_Serbian_5-768x768.jpg 768w, https:\/\/terraforming.org\/wp-content\/uploads\/2023\/07\/ProtectTheFacts_Remembrance_Serbian_5-36x36.jpg 36w, https:\/\/terraforming.org\/wp-content\/uploads\/2023\/07\/ProtectTheFacts_Remembrance_Serbian_5-180x180.jpg 180w, https:\/\/terraforming.org\/wp-content\/uploads\/2023\/07\/ProtectTheFacts_Remembrance_Serbian_5-705x705.jpg 705w\" sizes=\"(max-width: 1080px) 100vw, 1080px\" \/><\/div><\/div><\/div><\/p><\/div><div  class='flex_column av-25v3bm5-7d5d1236132eeb9938c7b28bd27853e4 av_one_third  avia-builder-el-12  el_after_av_two_third  el_before_av_one_third  flex_column_div  column-top-margin'     ><p>\n<style type=\"text\/css\" data-created_by=\"avia_inline_auto\" id=\"style-css-av-lks4nnwe-208e5581fb41d65b057fbd98d24a0d8e\">\n#top .hr.hr-invisible.av-lks4nnwe-208e5581fb41d65b057fbd98d24a0d8e{\nheight:30px;\n}\n<\/style>\n<div  class='hr av-lks4nnwe-208e5581fb41d65b057fbd98d24a0d8e hr-invisible  avia-builder-el-13  el_before_av_textblock  avia-builder-el-first '><span class='hr-inner '><span class=\"hr-inner-style\"><\/span><\/span><\/div><br \/>\n<section  class='av_textblock_section av-lkre4yzd-0e16580fa47f6971896753211c0b715d '   itemscope=\"itemscope\" itemtype=\"https:\/\/schema.org\/BlogPosting\" itemprop=\"blogPost\" ><div class='avia_textblock'  itemprop=\"text\" ><blockquote>\n<p>Datum 2. avgust je odabran u znak se\u0107anja na no\u0107 izme\u0111u 2. i 3. avgusta 1944. kada su u nacisti\u010dkom logoru Au\u0161vic-Birkenau Nemci likvidiralu poslednju grupu zato\u010denika &#8222;ciganskog logora&#8220; (Zigeunerlager). Ali 2. avgusta se\u0107amo se svih do pola miliona romskih \u017ertava &#8211; dece, \u017eena i mu\u0161karaca koje su za vreme Drugog svetskog rata proganjali i ubijali u nacisti\u010dkoj Nema\u010dkoj, u Nezavisnoj dr\u017eavi Hrvatskoj, Rumuniji, Italiji, Austriji, Ma\u0111arskoj, Litvaniji, Ukrajini, Poljskoj, \u010ce\u0161koj, Slova\u010dkoj, Francuskoj, Holandiji, i mnogim drugim zemljama, uklju\u010duju\u0107i i Srbiju. U na\u0161oj zemlji su za vreme nema\u010dke okupacije u progonima i ubistvima Roma aktivno u\u010destvovale snage policije i \u017eandarmerije Milana Nedi\u0107a kao i Ljoti\u0107evci.<\/p>\n<\/blockquote>\n<\/div><\/section><\/p><\/div><div  class='flex_column av-1t5jp7x-0fda13e78c3a29ff72e4f5bdb802cb2f av_one_third  avia-builder-el-15  el_after_av_one_third  el_before_av_one_third  first flex_column_div  column-top-margin'     ><style type=\"text\/css\" data-created_by=\"avia_inline_auto\" id=\"style-css-av-lkrdz299-0e12de903c6029fd019096447fa13344\">\n.avia-image-container.av-lkrdz299-0e12de903c6029fd019096447fa13344 img.avia_image{\nbox-shadow:none;\n}\n.avia-image-container.av-lkrdz299-0e12de903c6029fd019096447fa13344 .av-image-caption-overlay-center{\ncolor:#ffffff;\n}\n<\/style>\n<div  class='avia-image-container av-lkrdz299-0e12de903c6029fd019096447fa13344 av-styling- avia-align-center  avia-builder-el-16  avia-builder-el-no-sibling '   itemprop=\"image\" itemscope=\"itemscope\" itemtype=\"https:\/\/schema.org\/ImageObject\" ><div class=\"avia-image-container-inner\"><div class=\"avia-image-overlay-wrap\"><img decoding=\"async\" fetchpriority=\"high\" class='wp-image-18679 avia-img-lazy-loading-not-18679 avia_image ' src=\"https:\/\/terraforming.org\/wp-content\/uploads\/2023\/07\/ProtectTheFacts_Discrimination_Serbian_2-1030x1030.jpg\" alt='#ProtectTheFacts' title='#ProtectTheFacts_Discrimination_Serbian_2'  height=\"1030\" width=\"1030\"  itemprop=\"thumbnailUrl\" srcset=\"https:\/\/terraforming.org\/wp-content\/uploads\/2023\/07\/ProtectTheFacts_Discrimination_Serbian_2-1030x1030.jpg 1030w, https:\/\/terraforming.org\/wp-content\/uploads\/2023\/07\/ProtectTheFacts_Discrimination_Serbian_2-300x300.jpg 300w, https:\/\/terraforming.org\/wp-content\/uploads\/2023\/07\/ProtectTheFacts_Discrimination_Serbian_2-80x80.jpg 80w, https:\/\/terraforming.org\/wp-content\/uploads\/2023\/07\/ProtectTheFacts_Discrimination_Serbian_2-768x768.jpg 768w, https:\/\/terraforming.org\/wp-content\/uploads\/2023\/07\/ProtectTheFacts_Discrimination_Serbian_2-36x36.jpg 36w, https:\/\/terraforming.org\/wp-content\/uploads\/2023\/07\/ProtectTheFacts_Discrimination_Serbian_2-180x180.jpg 180w, https:\/\/terraforming.org\/wp-content\/uploads\/2023\/07\/ProtectTheFacts_Discrimination_Serbian_2-705x705.jpg 705w, https:\/\/terraforming.org\/wp-content\/uploads\/2023\/07\/ProtectTheFacts_Discrimination_Serbian_2.jpg 1080w\" sizes=\"(max-width: 1030px) 100vw, 1030px\" \/><\/div><\/div><\/div><\/div><\/p>\n<div  class='flex_column av-1879mx9-0de28b1be30758e3232fb5454f87f266 av_one_third  avia-builder-el-17  el_after_av_one_third  el_before_av_one_third  flex_column_div  column-top-margin'     ><style type=\"text\/css\" data-created_by=\"avia_inline_auto\" id=\"style-css-av-lkrdyl6i-82654ae30eb2a86c77035b069a42651c\">\n.avia-image-container.av-lkrdyl6i-82654ae30eb2a86c77035b069a42651c img.avia_image{\nbox-shadow:none;\n}\n.avia-image-container.av-lkrdyl6i-82654ae30eb2a86c77035b069a42651c .av-image-caption-overlay-center{\ncolor:#ffffff;\n}\n<\/style>\n<div  class='avia-image-container av-lkrdyl6i-82654ae30eb2a86c77035b069a42651c av-styling- avia-align-center  avia-builder-el-18  avia-builder-el-no-sibling '   itemprop=\"image\" itemscope=\"itemscope\" itemtype=\"https:\/\/schema.org\/ImageObject\" ><div class=\"avia-image-container-inner\"><div class=\"avia-image-overlay-wrap\"><img decoding=\"async\" fetchpriority=\"high\" class='wp-image-18673 avia-img-lazy-loading-not-18673 avia_image ' src=\"https:\/\/terraforming.org\/wp-content\/uploads\/2023\/07\/ProtectTheFacts_Remembrance_Serbian_4-1030x1030.jpg\" alt='#ProtectTheFacts' title='#ProtectTheFacts_Remembrance_Serbian_4'  height=\"1030\" width=\"1030\"  itemprop=\"thumbnailUrl\" srcset=\"https:\/\/terraforming.org\/wp-content\/uploads\/2023\/07\/ProtectTheFacts_Remembrance_Serbian_4-1030x1030.jpg 1030w, https:\/\/terraforming.org\/wp-content\/uploads\/2023\/07\/ProtectTheFacts_Remembrance_Serbian_4-300x300.jpg 300w, https:\/\/terraforming.org\/wp-content\/uploads\/2023\/07\/ProtectTheFacts_Remembrance_Serbian_4-80x80.jpg 80w, https:\/\/terraforming.org\/wp-content\/uploads\/2023\/07\/ProtectTheFacts_Remembrance_Serbian_4-768x768.jpg 768w, https:\/\/terraforming.org\/wp-content\/uploads\/2023\/07\/ProtectTheFacts_Remembrance_Serbian_4-36x36.jpg 36w, https:\/\/terraforming.org\/wp-content\/uploads\/2023\/07\/ProtectTheFacts_Remembrance_Serbian_4-180x180.jpg 180w, https:\/\/terraforming.org\/wp-content\/uploads\/2023\/07\/ProtectTheFacts_Remembrance_Serbian_4-705x705.jpg 705w, https:\/\/terraforming.org\/wp-content\/uploads\/2023\/07\/ProtectTheFacts_Remembrance_Serbian_4.jpg 1080w\" sizes=\"(max-width: 1030px) 100vw, 1030px\" \/><\/div><\/div><\/div><\/div>\n<div  class='flex_column av-19yqg0d-83346b846f047731f85b697510929bbe av_one_third  avia-builder-el-19  el_after_av_one_third  el_before_av_two_third  flex_column_div  column-top-margin'     ><p>\n<style type=\"text\/css\" data-created_by=\"avia_inline_auto\" id=\"style-css-av-l9hevh-83d9cfaea269ee75bd1ea6f8f406d81f\">\n#top .hr.hr-invisible.av-l9hevh-83d9cfaea269ee75bd1ea6f8f406d81f{\nheight:100px;\n}\n<\/style>\n<div  class='hr av-l9hevh-83d9cfaea269ee75bd1ea6f8f406d81f hr-invisible  avia-builder-el-20  el_before_av_textblock  avia-builder-el-first '><span class='hr-inner '><span class=\"hr-inner-style\"><\/span><\/span><\/div><br \/>\n<section  class='av_textblock_section av-1mmm1wt-b688abbc1eba8375de47ddba4a2cf36b '   itemscope=\"itemscope\" itemtype=\"https:\/\/schema.org\/BlogPosting\" itemprop=\"blogPost\" ><div class='avia_textblock'  itemprop=\"text\" ><blockquote>\n<p>Inicijativu za implementaciju kampanje #ProtectTheFacts u Srbiji je pokrenuo i realizovao Terraforming.<\/p>\n<\/blockquote>\n<\/div><\/section><\/p><\/div>\n<div  class='flex_column av-21xr0lp-17f067bb4203bf6d20d9523348970e1f av_two_third  avia-builder-el-22  el_after_av_one_third  avia-builder-el-last  first flex_column_div  column-top-margin'     ><p>\n<style type=\"text\/css\" data-created_by=\"avia_inline_auto\" id=\"style-css-av-fsdxp-cb58f74d98199085f228a1fa5828c10c\">\n#top .hr.hr-invisible.av-fsdxp-cb58f74d98199085f228a1fa5828c10c{\nheight:100px;\n}\n<\/style>\n<div  class='hr av-fsdxp-cb58f74d98199085f228a1fa5828c10c hr-invisible  avia-builder-el-23  el_before_av_hr  avia-builder-el-first '><span class='hr-inner '><span class=\"hr-inner-style\"><\/span><\/span><\/div><br \/>\n\n<style type=\"text\/css\" data-created_by=\"avia_inline_auto\" id=\"style-css-av-2q8x7x-d2765e727df308e5cf460f393d68d785\">\n#top .hr.hr-invisible.av-2q8x7x-d2765e727df308e5cf460f393d68d785{\nheight:100px;\n}\n<\/style>\n<div  class='hr av-2q8x7x-d2765e727df308e5cf460f393d68d785 hr-invisible  avia-builder-el-24  el_after_av_hr  avia-builder-el-last '><span class='hr-inner '><span class=\"hr-inner-style\"><\/span><\/span><\/div><\/p><\/div>\n","protected":false},"excerpt":{"rendered":"<p>2. avgusta obele\u017eavamo Me\u0111unarodni dana se\u0107anja na Rome stradale u Drugom svetskom ratu, kada se se\u0107amo \u017ertava progona, terora i genocida nad romskim narodom \u0161irom Evrope. U nasilju i masovnim ubistvima tokom Drugog svetskog rata stradalo je izme\u0111u 250.000 i 500.000 evropskih Roma. Priklju\u010di se kampanji #ProtectTheFacts Me\u0111unarodne alijanse za se\u0107anje na Holokaust (IHRA), Evropske komisije, ODIHR-a, Ujedinjenih nacija i Uneska, protiv iskrivljavanja i zloupotrebe istorije Holokausta i genocida nad Romima u Drugom svetskom ratu.<\/p>\n","protected":false},"author":1,"featured_media":18677,"comment_status":"closed","ping_status":"open","sticky":false,"template":"","format":"standard","meta":{"_jetpack_memberships_contains_paid_content":false,"footnotes":"","jetpack_publicize_message":"","jetpack_publicize_feature_enabled":true,"jetpack_social_post_already_shared":true,"jetpack_social_options":{"image_generator_settings":{"template":"highway","default_image_id":0,"font":"","enabled":false},"version":2}},"categories":[120,115],"tags":[136,2949,135,128,122],"class_list":["post-18669","post","type-post","status-publish","format-standard","has-post-thumbnail","hentry","category-clanci","category-novosti","tag-dan-secanja","tag-ihra-sr","tag-medunarodna-alijansa-za-secanje-na-hol","tag-romi","tag-srbija"],"aioseo_notices":[],"jetpack_publicize_connections":[],"jetpack_featured_media_url":"https:\/\/terraforming.org\/wp-content\/uploads\/2023\/07\/ProtectTheFacts_Discrimination_Serbian_1.jpg","jetpack_sharing_enabled":true,"_links":{"self":[{"href":"https:\/\/terraforming.org\/sr\/wp-json\/wp\/v2\/posts\/18669","targetHints":{"allow":["GET"]}}],"collection":[{"href":"https:\/\/terraforming.org\/sr\/wp-json\/wp\/v2\/posts"}],"about":[{"href":"https:\/\/terraforming.org\/sr\/wp-json\/wp\/v2\/types\/post"}],"author":[{"embeddable":true,"href":"https:\/\/terraforming.org\/sr\/wp-json\/wp\/v2\/users\/1"}],"replies":[{"embeddable":true,"href":"https:\/\/terraforming.org\/sr\/wp-json\/wp\/v2\/comments?post=18669"}],"version-history":[{"count":16,"href":"https:\/\/terraforming.org\/sr\/wp-json\/wp\/v2\/posts\/18669\/revisions"}],"predecessor-version":[{"id":19685,"href":"https:\/\/terraforming.org\/sr\/wp-json\/wp\/v2\/posts\/18669\/revisions\/19685"}],"wp:featuredmedia":[{"embeddable":true,"href":"https:\/\/terraforming.org\/sr\/wp-json\/wp\/v2\/media\/18677"}],"wp:attachment":[{"href":"https:\/\/terraforming.org\/sr\/wp-json\/wp\/v2\/media?parent=18669"}],"wp:term":[{"taxonomy":"category","embeddable":true,"href":"https:\/\/terraforming.org\/sr\/wp-json\/wp\/v2\/categories?post=18669"},{"taxonomy":"post_tag","embeddable":true,"href":"https:\/\/terraforming.org\/sr\/wp-json\/wp\/v2\/tags?post=18669"}],"curies":[{"name":"wp","href":"https:\/\/api.w.org\/{rel}","templated":true}]}}