{"id":19083,"date":"2024-03-29T14:33:46","date_gmt":"2024-03-29T13:33:46","guid":{"rendered":"https:\/\/terraforming.org\/?p=19083"},"modified":"2024-05-09T12:56:11","modified_gmt":"2024-05-09T10:56:11","slug":"80-godina-od-deportacije","status":"publish","type":"post","link":"https:\/\/terraforming.org\/sr\/80-godina-od-deportacije\/","title":{"rendered":"80 godina od deportacije"},"content":{"rendered":"<div  class='flex_column av-1pbu5bf-6b5d365b43fd785dd7a6173bb1a058ad av_one_full  avia-builder-el-0  el_before_av_section  avia-builder-el-no-sibling  first flex_column_div  '     ><style type=\"text\/css\" data-created_by=\"avia_inline_auto\" id=\"style-css-av-13p7gdn-48b08f7717d2ef9bd2f8c608b11395d3\">\n.avia-image-container.av-13p7gdn-48b08f7717d2ef9bd2f8c608b11395d3 img.avia_image{\nbox-shadow:none;\n}\n.avia-image-container.av-13p7gdn-48b08f7717d2ef9bd2f8c608b11395d3 .av-image-caption-overlay-center{\ncolor:#ffffff;\n}\n<\/style>\n<div  class='avia-image-container av-13p7gdn-48b08f7717d2ef9bd2f8c608b11395d3 av-styling- avia-align-center  avia-builder-el-1  avia-builder-el-no-sibling '   itemprop=\"image\" itemscope=\"itemscope\" itemtype=\"https:\/\/schema.org\/ImageObject\" ><div class=\"avia-image-container-inner\"><div class=\"avia-image-overlay-wrap\"><img decoding=\"async\" fetchpriority=\"high\" class='wp-image-19087 avia-img-lazy-loading-not-19087 avia_image ' src=\"https:\/\/terraforming.org\/wp-content\/uploads\/2024\/03\/3.png\" alt='Event u Svilari' title='Event u Svilari'  height=\"985\" width=\"1175\"  itemprop=\"thumbnailUrl\" srcset=\"https:\/\/terraforming.org\/wp-content\/uploads\/2024\/03\/3.png 1175w, https:\/\/terraforming.org\/wp-content\/uploads\/2024\/03\/3-300x251.png 300w, https:\/\/terraforming.org\/wp-content\/uploads\/2024\/03\/3-1030x863.png 1030w, https:\/\/terraforming.org\/wp-content\/uploads\/2024\/03\/3-768x644.png 768w, https:\/\/terraforming.org\/wp-content\/uploads\/2024\/03\/3-705x591.png 705w\" sizes=\"(max-width: 1175px) 100vw, 1175px\" \/><\/div><\/div><\/div><\/div>\n<\/div><\/div><\/div><!-- close content main div --><\/div><\/div><div id='av_section_1'  class='avia-section av-2a08eyz-69f8233eff6162aad9228686d50b64cb main_color avia-section-default avia-no-border-styling  avia-builder-el-2  el_after_av_one_full  el_before_av_section  avia-bg-style-scroll container_wrap fullsize'  ><div class='container av-section-cont-open' ><div class='template-page content  av-content-full alpha units'><div class='post-entry post-entry-type-page post-entry-19083'><div class='entry-content-wrapper clearfix'>\n<section  class='av_textblock_section av-t526mj-8d912d3abd9299c680504c7ecf508c82 '   itemscope=\"itemscope\" itemtype=\"https:\/\/schema.org\/BlogPosting\" itemprop=\"blogPost\" ><div class='avia_textblock'  itemprop=\"text\" ><h2>Panelisti<\/h2>\n<\/div><\/section>\n<div  class='flex_column av-1jrdhxn-53cd806a9d2c5117e9ad6063ca66824b av_two_third  avia-builder-el-4  el_after_av_textblock  el_before_av_one_third  first flex_column_div  column-top-margin'     ><p>\n<style type=\"text\/css\" data-created_by=\"avia_inline_auto\" id=\"style-css-av-1cy51uz-deb7edf5cd62ded387303eaba9ec88fd\">\n.avia-image-container.av-1cy51uz-deb7edf5cd62ded387303eaba9ec88fd img.avia_image{\nbox-shadow:none;\n}\n.avia-image-container.av-1cy51uz-deb7edf5cd62ded387303eaba9ec88fd .av-image-caption-overlay-center{\ncolor:#ffffff;\n}\n<\/style>\n<div  class='avia-image-container av-1cy51uz-deb7edf5cd62ded387303eaba9ec88fd av-styling- avia-align-center  avia-builder-el-5  el_before_av_textblock  avia-builder-el-first '   itemprop=\"image\" itemscope=\"itemscope\" itemtype=\"https:\/\/schema.org\/ImageObject\" ><div class=\"avia-image-container-inner\"><div class=\"avia-image-overlay-wrap\"><img decoding=\"async\" fetchpriority=\"high\" class='wp-image-19085 avia-img-lazy-loading-not-19085 avia_image ' src=\"https:\/\/terraforming.org\/wp-content\/uploads\/2024\/03\/2-1030x863.png\" alt='U\u010desnici u Svilari' title='U\u010desnici u Svilari'  height=\"863\" width=\"1030\"  itemprop=\"thumbnailUrl\" srcset=\"https:\/\/terraforming.org\/wp-content\/uploads\/2024\/03\/2-1030x863.png 1030w, https:\/\/terraforming.org\/wp-content\/uploads\/2024\/03\/2-300x251.png 300w, https:\/\/terraforming.org\/wp-content\/uploads\/2024\/03\/2-768x644.png 768w, https:\/\/terraforming.org\/wp-content\/uploads\/2024\/03\/2-705x591.png 705w, https:\/\/terraforming.org\/wp-content\/uploads\/2024\/03\/2.png 1175w\" sizes=\"(max-width: 1030px) 100vw, 1030px\" \/><\/div><\/div><\/div><br \/>\n<section  class='av_textblock_section av-14yveh7-6cc9d25474b77514484116eda5d40525 '   itemscope=\"itemscope\" itemtype=\"https:\/\/schema.org\/BlogPosting\" itemprop=\"blogPost\" ><div class='avia_textblock'  itemprop=\"text\" ><h1>Kultura se\u0107anja i savremeni antisemitizam<\/h1>\n<h3>\n<style type=\"text\/css\" data-created_by=\"avia_inline_auto\" id=\"style-css-av-qn3l4b-32c9ba978a89b9b6e70ad472a6d5d3ed\">\n.av_font_icon.av-qn3l4b-32c9ba978a89b9b6e70ad472a6d5d3ed .av-icon-char{\nfont-size:30px;\nline-height:30px;\n}\n<\/style>\n<span  class='av_font_icon av-qn3l4b-32c9ba978a89b9b6e70ad472a6d5d3ed avia_animate_when_visible av-icon-style- avia-icon-pos-left avia-iconfont avia-font-entypo-fontello av-no-color avia-icon-animate'><span class='av-icon-char' data-av_icon='\ue862' data-av_iconfont='entypo-fontello' aria-hidden=\"true\" ><\/span><\/span> Novi Sad | 25. april | KC Svilara | 18:30<\/h3>\n<\/div><\/section><br \/>\n<section  class='av_textblock_section av-lubgnvos-ce33fe59b8f33b18411be935980869ba '   itemscope=\"itemscope\" itemtype=\"https:\/\/schema.org\/BlogPosting\" itemprop=\"blogPost\" ><div class='avia_textblock'  itemprop=\"text\" ><p>Povodom obele\u017eavanja 80 godina od deportacije ba\u010dkih Jevreja u logor Au\u0161vic-Birkenau, Terraforming u saradnji sa <a href=\"https:\/\/www.jons.rs\/\" target=\"_blank\" rel=\"noopener noreferrer nofollow\">Jevrejskom op\u0161tinom Novi Sad<\/a> organizuje prigodan program u <a href=\"https:\/\/svilara.kulturnestanice.rs\/\" target=\"_blank\" rel=\"noopener noreferrer nofollow\">KC Svilara<\/a>. U okviru programa \u0107e se otvoriti izlo\u017eba pod nazivom <strong><a title=\"Izlo\u017eba Neke re\u010di o Holokaustu u Srbiji\" href=\"https:\/\/terraforming.org\/sr\/izlozba-neke-reci-o-holaustu-u-srbiji\/\" target=\"_blank\" rel=\"noopener\">\u201cNeke re\u010di o Holokaustu u Srbiji<\/a>\u201d<\/strong>, bi\u0107e predstavljen po\u010detak rada na platformi<strong><a href=\"https:\/\/antisemitizam.rs\/\" target=\"_blank\" rel=\"noopener noreferrer nofollow\"> \u201cABC o antisemitizmu<\/a>\u201d<\/strong>, edukativna grafi\u010dka novela o Novosadskoj raciji i deportaciji, i program <strong>\u201cFacts Not Fiction\u201d&gt;.<\/strong><\/p>\n<p>Na otvaranju programa \u0107e govoriti uva\u017eeni gosti, predstavnici grada Novog Sada, ministarstava, i stranih ambasada. Centralni deo programa je panel diskusija: &#8222;80 godina od deportacije ba\u010dkih Jevreja &#8211; kultura se\u0107anja i savremeni antisemitizam&#8220; u kojoj u\u010destvuju uva\u017eeni gosti i renomirani stru\u010dnjaci.<\/p>\n<\/div><\/section><\/p><\/div><div  class='flex_column av-2qyngr-86b3493b057c7eadfafc4264cff35012 av_one_third  avia-builder-el-9  el_after_av_two_third  avia-builder-el-last  flex_column_div  column-top-margin'     ><section  class='av_textblock_section av-lucje7bu-79950b94bf4964c860f43070a20b4b96 '   itemscope=\"itemscope\" itemtype=\"https:\/\/schema.org\/BlogPosting\" itemprop=\"blogPost\" ><div class='avia_textblock'  itemprop=\"text\" ><h4><strong> \n<style type=\"text\/css\" data-created_by=\"avia_inline_auto\" id=\"style-css-av-30bamy3-77deedaf2d5051cf215886e2a5f7297b\">\n.av_font_icon.av-30bamy3-77deedaf2d5051cf215886e2a5f7297b .av-icon-char{\nfont-size:20px;\nline-height:20px;\n}\n<\/style>\n<span  class='av_font_icon av-30bamy3-77deedaf2d5051cf215886e2a5f7297b avia_animate_when_visible av-icon-style- avia-icon-pos-left avia-iconfont avia-font-entypo-fontello av-no-color avia-icon-animate'><span class='av-icon-char' data-av_icon='\ue885' data-av_iconfont='entypo-fontello' aria-hidden=\"true\" ><\/span><\/span> Andrew Percy<\/strong>,<\/h4>\n<p><a href=\"https:\/\/www.andrewpercy.org\/\" target=\"_blank\" rel=\"noopener noreferrer nofollow\">poslanik Britanskog parlamenta <\/a>gde je potpredsednik parlamentarne grupe za borbu protiv antisemitizma, i \u010dlan parlamentarne grupe za izgradnju novog <a href=\"https:\/\/www.ukholocaustmemorial.com\/\" target=\"_blank\" rel=\"noopener noreferrer nofollow\">Memorijalnog centra Holokausta u Londonu.<\/a><\/p>\n<h4><strong>\n<style type=\"text\/css\" data-created_by=\"avia_inline_auto\" id=\"style-css-av-2hsjakr-60dc5059d4a024de94e97ea0fb6eeb9e\">\n.av_font_icon.av-2hsjakr-60dc5059d4a024de94e97ea0fb6eeb9e .av-icon-char{\nfont-size:20px;\nline-height:20px;\n}\n<\/style>\n<span  class='av_font_icon av-2hsjakr-60dc5059d4a024de94e97ea0fb6eeb9e avia_animate_when_visible av-icon-style- avia-icon-pos-left avia-iconfont avia-font-entypo-fontello av-no-color avia-icon-animate'><span class='av-icon-char' data-av_icon='\ue885' data-av_iconfont='entypo-fontello' aria-hidden=\"true\" ><\/span><\/span> <\/strong><strong>Florian Eisheuer<\/strong>,<\/h4>\n<p>menad\u017eer programa <a href=\"https:\/\/against-antisemitism.eu\/\" target=\"_blank\" rel=\"noopener noreferrer nofollow\">Evropske mre\u017ee prakti\u010dara za borbu protiv antisemitizma (EPNA)<\/a> sa sedi\u0161tem u Berlinu.<\/p>\n<h4><strong>\n<style type=\"text\/css\" data-created_by=\"avia_inline_auto\" id=\"style-css-av-24vjr4b-643cac6f9527d00ac20dcf62936946c5\">\n.av_font_icon.av-24vjr4b-643cac6f9527d00ac20dcf62936946c5 .av-icon-char{\nfont-size:20px;\nline-height:20px;\n}\n<\/style>\n<span  class='av_font_icon av-24vjr4b-643cac6f9527d00ac20dcf62936946c5 avia_animate_when_visible av-icon-style- avia-icon-pos-left avia-iconfont avia-font-entypo-fontello av-no-color avia-icon-animate'><span class='av-icon-char' data-av_icon='\ue885' data-av_iconfont='entypo-fontello' aria-hidden=\"true\" ><\/span><\/span> <\/strong><strong>Mirna Herman<\/strong>,<\/h4>\n<p>direktorka Centra za kulturu se\u0107anja u Zagrebu, jedna od koordinatorki obnove izlo\u017ebe u Jugoslovenskom paviljonu u Bloku 17 u <a href=\"https:\/\/www.auschwitz.org\/en\/museum\/news\/\" target=\"_blank\" rel=\"noopener noreferrer nofollow\">Memorijalnom muzeju Au\u0161vic-Birkenau<\/a>.<\/p>\n<h4><strong>\n<style type=\"text\/css\" data-created_by=\"avia_inline_auto\" id=\"style-css-av-1p1w7ij-38cb807283b35de0e00a726b5815df7d\">\n.av_font_icon.av-1p1w7ij-38cb807283b35de0e00a726b5815df7d .av-icon-char{\nfont-size:20px;\nline-height:20px;\n}\n<\/style>\n<span  class='av_font_icon av-1p1w7ij-38cb807283b35de0e00a726b5815df7d avia_animate_when_visible av-icon-style- avia-icon-pos-left avia-iconfont avia-font-entypo-fontello av-no-color avia-icon-animate'><span class='av-icon-char' data-av_icon='\ue885' data-av_iconfont='entypo-fontello' aria-hidden=\"true\" ><\/span><\/span> <\/strong><strong>Josh Dubell<\/strong>,<\/h4>\n<p>direktor odeljenja za edukaciju fondacije <a href=\"https:\/\/solutionsnotsides.co.uk\/\" target=\"_blank\" rel=\"noopener noreferrer nofollow\">\u201cSolutions Not Sides\u201d<\/a> iz Londona, koja se bavi borbom protiv antisemitizma i islamofobije kroz diskusije sa mladima i edukaciju o izraelsko-palestinskom sukobu.<\/p>\n<h4><strong>\n<style type=\"text\/css\" data-created_by=\"avia_inline_auto\" id=\"style-css-av-1ddi19n-76c9291cea8029b3aad06bb2b3ae421d\">\n.av_font_icon.av-1ddi19n-76c9291cea8029b3aad06bb2b3ae421d .av-icon-char{\nfont-size:20px;\nline-height:20px;\n}\n<\/style>\n<span  class='av_font_icon av-1ddi19n-76c9291cea8029b3aad06bb2b3ae421d avia_animate_when_visible av-icon-style- avia-icon-pos-left avia-iconfont avia-font-entypo-fontello av-no-color avia-icon-animate'><span class='av-icon-char' data-av_icon='\ue885' data-av_iconfont='entypo-fontello' aria-hidden=\"true\" ><\/span><\/span> <\/strong><strong>Ladislav Trajer<\/strong>,<\/h4>\n<p>potpredsednik <a href=\"https:\/\/www.jons.rs\/\" target=\"_blank\" rel=\"noopener noreferrer nofollow\">Jevrejske op\u0161tine Novi Sad<\/a>.<\/p>\n<h4><strong>\n<style type=\"text\/css\" data-created_by=\"avia_inline_auto\" id=\"style-css-av-uvozgr-87314fbee2a7d5c20795f36fc15d4927\">\n.av_font_icon.av-uvozgr-87314fbee2a7d5c20795f36fc15d4927 .av-icon-char{\nfont-size:20px;\nline-height:20px;\n}\n<\/style>\n<span  class='av_font_icon av-uvozgr-87314fbee2a7d5c20795f36fc15d4927 avia_animate_when_visible av-icon-style- avia-icon-pos-left avia-iconfont avia-font-entypo-fontello av-no-color avia-icon-animate'><span class='av-icon-char' data-av_icon='\ue885' data-av_iconfont='entypo-fontello' aria-hidden=\"true\" ><\/span><\/span> <\/strong><strong>Mi\u0161ko Stani\u0161i\u0107<\/strong>,<\/h4>\n<p>direktor <a href=\"https:\/\/terraforming.org\/sr\/\">Terraforminga <\/a>i \u010dlan delegacije Republike Srbije u <a href=\"https:\/\/holocaustremembrance.com\/\" target=\"_blank\" rel=\"noopener noreferrer nofollow\">Me\u0111unarodnoj alijansi za se\u0107anje na Holokaust (IHRA)<\/a> je moderator i doma\u0107in.<\/p>\n<\/div><\/section><\/div>\n\n<\/div><\/div><\/div><!-- close content main div --><\/div><\/div><div id='av_section_2'  class='avia-section av-lubgb7ap-be8b94d542a545fcfa2317d272be2e74 alternate_color avia-section-default avia-no-border-styling  avia-builder-el-17  el_after_av_section  el_before_av_section  avia-bg-style-scroll container_wrap fullsize'  ><div class='container av-section-cont-open' ><div class='template-page content  av-content-full alpha units'><div class='post-entry post-entry-type-page post-entry-19083'><div class='entry-content-wrapper clearfix'>\n<div  class='flex_column av-q91r8r-798829bbb6b4383fad47c372f6de9fc0 av_three_fourth  avia-builder-el-18  el_before_av_one_fourth  avia-builder-el-first  first flex_column_div  '     ><p>\n<style type=\"text\/css\" data-created_by=\"avia_inline_auto\" id=\"style-css-av-lubg6rb1-261723ecfa7978d42b74d6e130b969c4\">\n.avia-image-container.av-lubg6rb1-261723ecfa7978d42b74d6e130b969c4 img.avia_image{\nbox-shadow:none;\n}\n.avia-image-container.av-lubg6rb1-261723ecfa7978d42b74d6e130b969c4 .av-image-caption-overlay-center{\ncolor:#ffffff;\n}\n<\/style>\n<div  class='avia-image-container av-lubg6rb1-261723ecfa7978d42b74d6e130b969c4 av-styling- avia-align-center  avia-builder-el-19  el_before_av_hr  avia-builder-el-first '   itemprop=\"image\" itemscope=\"itemscope\" itemtype=\"https:\/\/schema.org\/ImageObject\" ><div class=\"avia-image-container-inner\"><div class=\"avia-image-overlay-wrap\"><img decoding=\"async\" fetchpriority=\"high\" class='wp-image-19091 avia-img-lazy-loading-not-19091 avia_image ' src=\"https:\/\/terraforming.org\/wp-content\/uploads\/2024\/03\/12892-scaled.jpg\" alt='Novosadski Jevreji pred deportciju' title='Novosadski Jevreji pred deportaciju'  height=\"1555\" width=\"2560\"  itemprop=\"thumbnailUrl\" srcset=\"https:\/\/terraforming.org\/wp-content\/uploads\/2024\/03\/12892-scaled.jpg 2560w, https:\/\/terraforming.org\/wp-content\/uploads\/2024\/03\/12892-300x182.jpg 300w, https:\/\/terraforming.org\/wp-content\/uploads\/2024\/03\/12892-1030x626.jpg 1030w, https:\/\/terraforming.org\/wp-content\/uploads\/2024\/03\/12892-768x466.jpg 768w, https:\/\/terraforming.org\/wp-content\/uploads\/2024\/03\/12892-1536x933.jpg 1536w, https:\/\/terraforming.org\/wp-content\/uploads\/2024\/03\/12892-2048x1244.jpg 2048w, https:\/\/terraforming.org\/wp-content\/uploads\/2024\/03\/12892-1500x911.jpg 1500w, https:\/\/terraforming.org\/wp-content\/uploads\/2024\/03\/12892-705x428.jpg 705w\" sizes=\"(max-width: 2560px) 100vw, 2560px\" \/><\/div><\/div><\/div><br \/>\n\n<style type=\"text\/css\" data-created_by=\"avia_inline_auto\" id=\"style-css-av-lucj8jlw-36b87ae84c140724cb774fb1d68a0e06\">\n#top .hr.hr-invisible.av-lucj8jlw-36b87ae84c140724cb774fb1d68a0e06{\nheight:50px;\n}\n<\/style>\n<div  class='hr av-lucj8jlw-36b87ae84c140724cb774fb1d68a0e06 hr-invisible  avia-builder-el-20  el_after_av_image  el_before_av_textblock '><span class='hr-inner '><span class=\"hr-inner-style\"><\/span><\/span><\/div><br \/>\n<section  class='av_textblock_section av-lubg2jlb-7a3aad896f2662f76b98e66a763ee4bd '   itemscope=\"itemscope\" itemtype=\"https:\/\/schema.org\/BlogPosting\" itemprop=\"blogPost\" ><div class='avia_textblock'  itemprop=\"text\" ><h2>80 godina od deportacije<\/h2>\n<p>Deportaciju ba\u010dkih Jevreja organizovale su i sprovele ma\u0111arske i nema\u010dke okupacione vlasti od kraja aprila 1944. godine. Jevrejska zajednica Novog Sada i Ba\u010dke, koja je u me\u0111uvremenu desetkovana tokom Racije januara 1942. godine, i kasnije, slanjem na prinudni rad u radne logore ili na Isto\u010dni front gde su mnogi ubijeni, deportacijom u logore smrti 1944. godine gotovo je potpuno bila uni\u0161tena.<\/p>\n<p>Od maja do jula 1944. ma\u0111arska \u017eandarmerija je, pod vo\u0111stvom nema\u010dkih SS jedinica, deportovala oko 440.000 Jevreja iz Ma\u0111arske i sa teritorija pod ma\u0111arskom okupacijom. Vec\u0301ina je deportovana u Au\u0161vic-Birkenau, gde je vec\u0301ina ubijena u gasnim komorama odmah po dolasku u logor.<\/p>\n<p>Stradanja novosadskih i ba\u010dkih Jevreja deo su Holokausta &#8211; zlo\u010dina bez presedana koji se odvijao na celom evropskom kontinentu.<\/p>\n<\/div><\/section><\/p><\/div><div  class='flex_column av-1bhmmaz-858ca8a56b7180619401f7c661017781 av_one_fourth  avia-builder-el-22  el_after_av_three_fourth  avia-builder-el-last  flex_column_div  '     ><p>\n<style type=\"text\/css\" data-created_by=\"avia_inline_auto\" id=\"style-css-av-lubgk6k6-50f8185902c7e67a9822909d468d0080\">\n#top .hr.hr-invisible.av-lubgk6k6-50f8185902c7e67a9822909d468d0080{\nheight:200px;\n}\n<\/style>\n<div  class='hr av-lubgk6k6-50f8185902c7e67a9822909d468d0080 hr-invisible  avia-builder-el-23  el_before_av_icon_box  avia-builder-el-first '><span class='hr-inner '><span class=\"hr-inner-style\"><\/span><\/span><\/div><br \/>\n<article  class='iconbox iconbox_top av-lucjafoq-5908c745189606a28a0f6bf07071e689  avia-builder-el-24  el_after_av_hr  el_before_av_textblock  main_color'  itemscope=\"itemscope\" itemtype=\"https:\/\/schema.org\/BlogPosting\" itemprop=\"blogPost\" ><div class=\"iconbox_content\"><header class=\"entry-content-header\" aria-label=\"Icon: April 1944\"><div class='iconbox_icon heading-color avia-iconfont avia-font-entypo-fontello' data-av_icon='\ue880' data-av_iconfont='entypo-fontello'  ><\/div><h3 class='iconbox_content_title '  itemprop=\"headline\" >April 1944<\/h3><\/header><div class='iconbox_content_container '  itemprop=\"text\" ><p>Fotografija: novosadski Jevreji privedeni u sinagogu odakle su deportovani u nacisti\u010dke logore smrti, pre svega Au\u0161vic-Birkenau.<\/p>\n<\/div><\/div><footer class=\"entry-footer\"><\/footer><\/article><br \/>\n\n<style type=\"text\/css\" data-created_by=\"avia_inline_auto\" id=\"style-css-av-lubg7zwc-59f3b6f4608a3f83d09536867ca62efe\">\n#top .av_textblock_section.av-lubg7zwc-59f3b6f4608a3f83d09536867ca62efe .avia_textblock{\nfont-size:10px;\n}\n<\/style>\n<section  class='av_textblock_section av-lubg7zwc-59f3b6f4608a3f83d09536867ca62efe '   itemscope=\"itemscope\" itemtype=\"https:\/\/schema.org\/BlogPosting\" itemprop=\"blogPost\" ><div class='avia_textblock'  itemprop=\"text\" ><p><em><a href=\"https:\/\/www.ushmm.org\/\" target=\"_blank\" rel=\"noopener noreferrer nofollow\">United States Holocaust Memorial Museum,<\/a> courtesy of Moshe and Malka Lovy, Source Record ID \/ Collections: 2001.336<\/em><\/p>\n<\/div><\/section><\/p><\/div>\n\n<\/div><\/div><\/div><!-- close content main div --><\/div><\/div><div id='av_section_3'  class='avia-section av-366ey23-f7367c139fc4155d02a6be61e638be45 main_color avia-section-default avia-no-border-styling  avia-builder-el-26  el_after_av_section  avia-builder-el-last  avia-bg-style-scroll container_wrap fullsize'  ><div class='container av-section-cont-open' ><div class='template-page content  av-content-full alpha units'><div class='post-entry post-entry-type-page post-entry-19083'><div class='entry-content-wrapper clearfix'>\n<div  class='flex_column av-2qm1rhn-e782269621b0e7338d4e0c865aeee6fd av_one_third  avia-builder-el-27  el_before_av_one_third  avia-builder-el-first  first flex_column_div  '     ><p>\n<style type=\"text\/css\" data-created_by=\"avia_inline_auto\" id=\"style-css-av-1wi1udn-af50c4632452302b321654aa46e70d19\">\n.avia-image-container.av-1wi1udn-af50c4632452302b321654aa46e70d19 img.avia_image{\nbox-shadow:none;\n}\n.avia-image-container.av-1wi1udn-af50c4632452302b321654aa46e70d19 .av-image-caption-overlay-center{\ncolor:#ffffff;\n}\n<\/style>\n<div  class='avia-image-container av-1wi1udn-af50c4632452302b321654aa46e70d19 av-styling- avia-align-center  avia-builder-el-28  el_before_av_textblock  avia-builder-el-first '   itemprop=\"image\" itemscope=\"itemscope\" itemtype=\"https:\/\/schema.org\/ImageObject\" ><div class=\"avia-image-container-inner\"><div class=\"avia-image-overlay-wrap\"><img decoding=\"async\" fetchpriority=\"high\" class='wp-image-19114 avia-img-lazy-loading-not-19114 avia_image ' src=\"https:\/\/terraforming.org\/wp-content\/uploads\/2024\/03\/ABC-o-antisemitizmu.png\" alt='ABC o antisemitizmu' title='ABC o antisemitizmu'  height=\"1017\" width=\"1017\"  itemprop=\"thumbnailUrl\" srcset=\"https:\/\/terraforming.org\/wp-content\/uploads\/2024\/03\/ABC-o-antisemitizmu.png 1017w, https:\/\/terraforming.org\/wp-content\/uploads\/2024\/03\/ABC-o-antisemitizmu-300x300.png 300w, https:\/\/terraforming.org\/wp-content\/uploads\/2024\/03\/ABC-o-antisemitizmu-80x80.png 80w, https:\/\/terraforming.org\/wp-content\/uploads\/2024\/03\/ABC-o-antisemitizmu-768x768.png 768w, https:\/\/terraforming.org\/wp-content\/uploads\/2024\/03\/ABC-o-antisemitizmu-36x36.png 36w, https:\/\/terraforming.org\/wp-content\/uploads\/2024\/03\/ABC-o-antisemitizmu-180x180.png 180w, https:\/\/terraforming.org\/wp-content\/uploads\/2024\/03\/ABC-o-antisemitizmu-705x705.png 705w\" sizes=\"(max-width: 1017px) 100vw, 1017px\" \/><\/div><\/div><\/div><br \/>\n<section  class='av_textblock_section av-lubgvsgh-b34a0448574142393639811d8c51280d '   itemscope=\"itemscope\" itemtype=\"https:\/\/schema.org\/BlogPosting\" itemprop=\"blogPost\" ><div class='avia_textblock'  itemprop=\"text\" ><p>Projekat \u201cABC o antisemitizmu\u201d sufinansira <a href=\"https:\/\/against-antisemitism.eu\/\" target=\"_blank\" rel=\"noopener noreferrer nofollow\">Evropska mre\u017ea prakti\u010dara protiv antisemitizma EPNA<\/a><\/p>\n<\/div><\/section><\/p><\/div><div  class='flex_column av-1lg5usr-ee1b53ebf41e117ebaea45014e0cb6a8 av_one_third  avia-builder-el-30  el_after_av_one_third  el_before_av_one_third  flex_column_div  '     ><p>\n<style type=\"text\/css\" data-created_by=\"avia_inline_auto\" id=\"style-css-av-lucjzwx1-c23f5ce255143ae8fbc27f184f2888b7\">\n.avia-image-container.av-lucjzwx1-c23f5ce255143ae8fbc27f184f2888b7 img.avia_image{\nbox-shadow:none;\n}\n.avia-image-container.av-lucjzwx1-c23f5ce255143ae8fbc27f184f2888b7 .av-image-caption-overlay-center{\ncolor:#ffffff;\n}\n<\/style>\n<div  class='avia-image-container av-lucjzwx1-c23f5ce255143ae8fbc27f184f2888b7 av-styling- avia-align-center  avia-builder-el-31  el_before_av_textblock  avia-builder-el-first  av-has-copyright av-copyright-icon-reveal'   itemprop=\"image\" itemscope=\"itemscope\" itemtype=\"https:\/\/schema.org\/ImageObject\" ><div class=\"avia-image-container-inner\"><div class=\"avia-image-overlay-wrap\"><img decoding=\"async\" fetchpriority=\"high\" class='wp-image-19116 avia-img-lazy-loading-not-19116 avia_image ' src=\"https:\/\/terraforming.org\/wp-content\/uploads\/2024\/03\/cynthia-magana-mFPJXEQfb9M-unsplash-1030x1030.jpg\" alt='Facts not Fiction' title='Facts not Fiction'  height=\"1030\" width=\"1030\"  itemprop=\"thumbnailUrl\" srcset=\"https:\/\/terraforming.org\/wp-content\/uploads\/2024\/03\/cynthia-magana-mFPJXEQfb9M-unsplash-1030x1030.jpg 1030w, https:\/\/terraforming.org\/wp-content\/uploads\/2024\/03\/cynthia-magana-mFPJXEQfb9M-unsplash-300x300.jpg 300w, https:\/\/terraforming.org\/wp-content\/uploads\/2024\/03\/cynthia-magana-mFPJXEQfb9M-unsplash-80x80.jpg 80w, https:\/\/terraforming.org\/wp-content\/uploads\/2024\/03\/cynthia-magana-mFPJXEQfb9M-unsplash-768x768.jpg 768w, https:\/\/terraforming.org\/wp-content\/uploads\/2024\/03\/cynthia-magana-mFPJXEQfb9M-unsplash-1536x1536.jpg 1536w, https:\/\/terraforming.org\/wp-content\/uploads\/2024\/03\/cynthia-magana-mFPJXEQfb9M-unsplash-2048x2048.jpg 2048w, https:\/\/terraforming.org\/wp-content\/uploads\/2024\/03\/cynthia-magana-mFPJXEQfb9M-unsplash-36x36.jpg 36w, https:\/\/terraforming.org\/wp-content\/uploads\/2024\/03\/cynthia-magana-mFPJXEQfb9M-unsplash-180x180.jpg 180w, https:\/\/terraforming.org\/wp-content\/uploads\/2024\/03\/cynthia-magana-mFPJXEQfb9M-unsplash-1500x1500.jpg 1500w, https:\/\/terraforming.org\/wp-content\/uploads\/2024\/03\/cynthia-magana-mFPJXEQfb9M-unsplash-705x705.jpg 705w\" sizes=\"(max-width: 1030px) 100vw, 1030px\" \/><\/div><small class=\"avia-copyright\">Photo by Cynthia Magana on Unsplash<span class='avia-svg-icon avia-font-svg_entypo-fontello' data-av_svg_icon='info' data-av_iconset='svg_entypo-fontello'><svg version=\"1.1\" xmlns=\"http:\/\/www.w3.org\/2000\/svg\" width=\"15\" height=\"32\" viewBox=\"0 0 15 32\" preserveAspectRatio=\"xMidYMid meet\" aria-labelledby='av-svg-title-1' aria-describedby='av-svg-desc-1' role=\"graphics-symbol\">\n<title id='av-svg-title-1'>Info<\/title>\n<desc id='av-svg-desc-1'>Info<\/desc>\n<path d=\"M11.264 0q1.536 0 2.368 0.864t0.832 2.208q0 1.6-1.248 2.816t-3.040 1.216q-1.536 0-2.368-0.832t-0.768-2.304q0-1.472 1.12-2.72t3.104-1.248zM4.672 32q-3.2 0-1.728-5.696l1.92-8.128q0.448-1.792 0-1.792-0.384 0-1.728 0.576t-2.304 1.216l-0.832-1.408q2.88-2.496 6.048-4.032t4.832-1.536q2.496 0 1.152 5.184l-2.24 8.512q-0.512 2.048 0.192 2.048 1.408 0 3.776-1.92l0.96 1.28q-2.688 2.752-5.6 4.224t-4.448 1.472z\"><\/path>\n<\/svg><\/span><\/small><\/div><\/div><br \/>\n<section  class='av_textblock_section av-lucjkupw-2f7f86c799e51effbdbcd7ba40be6444 '   itemscope=\"itemscope\" itemtype=\"https:\/\/schema.org\/BlogPosting\" itemprop=\"blogPost\" ><div class='avia_textblock'  itemprop=\"text\" ><p>Projekat \u201cFacts Not Fiction\u201d je sufinansiran od strane <a href=\"https:\/\/commission.europa.eu\/about-european-commission\/departments-and-executive-agencies\/justice-and-consumers\/justice-and-consumers-funding-tenders_en\" target=\"_blank\" rel=\"noopener noreferrer nofollow\">CERV programa Evropske unije.<\/a><\/p>\n<\/div><\/section><\/p><\/div><div  class='flex_column av-115a4kr-a3aeea99fd9cd79915edad414d87ca24 av_one_third  avia-builder-el-33  el_after_av_one_third  el_before_av_hr  flex_column_div  '     ><p>\n<style type=\"text\/css\" data-created_by=\"avia_inline_auto\" id=\"style-css-av-lufg0li6-d928010a610a54d6cb47ec1813490ce8\">\n.avia-image-container.av-lufg0li6-d928010a610a54d6cb47ec1813490ce8 img.avia_image{\nbox-shadow:none;\n}\n.avia-image-container.av-lufg0li6-d928010a610a54d6cb47ec1813490ce8 .av-image-caption-overlay-center{\ncolor:#ffffff;\n}\n<\/style>\n<div  class='avia-image-container av-lufg0li6-d928010a610a54d6cb47ec1813490ce8 av-styling- avia-align-center  avia-builder-el-34  el_before_av_textblock  avia-builder-el-first '   itemprop=\"image\" itemscope=\"itemscope\" itemtype=\"https:\/\/schema.org\/ImageObject\" ><div class=\"avia-image-container-inner\"><div class=\"avia-image-overlay-wrap\"><img decoding=\"async\" fetchpriority=\"high\" class='wp-image-19199 avia-img-lazy-loading-not-19199 avia_image ' src=\"https:\/\/terraforming.org\/wp-content\/uploads\/2024\/03\/Screenshot-2024-03-31-at-133219.png\" alt='ENCATE exchange' title='ENCATE exchange'  height=\"615\" width=\"615\"  itemprop=\"thumbnailUrl\" srcset=\"https:\/\/terraforming.org\/wp-content\/uploads\/2024\/03\/Screenshot-2024-03-31-at-133219.png 615w, https:\/\/terraforming.org\/wp-content\/uploads\/2024\/03\/Screenshot-2024-03-31-at-133219-300x300.png 300w, https:\/\/terraforming.org\/wp-content\/uploads\/2024\/03\/Screenshot-2024-03-31-at-133219-80x80.png 80w, https:\/\/terraforming.org\/wp-content\/uploads\/2024\/03\/Screenshot-2024-03-31-at-133219-36x36.png 36w, https:\/\/terraforming.org\/wp-content\/uploads\/2024\/03\/Screenshot-2024-03-31-at-133219-180x180.png 180w\" sizes=\"(max-width: 615px) 100vw, 615px\" \/><\/div><\/div><\/div><br \/>\n<section  class='av_textblock_section av-lufg3wys-473b7f5b3e3d1cb42861b21a06376e7e '   itemscope=\"itemscope\" itemtype=\"https:\/\/schema.org\/BlogPosting\" itemprop=\"blogPost\" ><div class='avia_textblock'  itemprop=\"text\" ><p>Gostovanje Josh Dubella je deo programa bilateralne razmene izme\u0111u Terraforminga i <a href=\"https:\/\/solutionsnotsides.co.uk\/\" target=\"_blank\" rel=\"noopener noreferrer nofollow\">Solutions Not Sides<\/a> pod pokroviteljstvom <a href=\"https:\/\/encate.eu\/bilateral-exchanges-program\/\" target=\"_blank\" rel=\"noopener noreferrer nofollow\">programa koji organizuje Evropska mre\u017ea za borbu protiv antisemitizma kroz obrazovanje ENCATE.<\/a><\/p>\n<\/div><\/section><\/p><\/div>\n<style type=\"text\/css\" data-created_by=\"avia_inline_auto\" id=\"style-css-av-luckem7r-9cba6ff97e23945b98c355f165d9d425\">\n#top .hr.hr-invisible.av-luckem7r-9cba6ff97e23945b98c355f165d9d425{\nheight:50px;\n}\n<\/style>\n<div  class='hr av-luckem7r-9cba6ff97e23945b98c355f165d9d425 hr-invisible  avia-builder-el-36  el_after_av_one_third  el_before_av_one_third '><span class='hr-inner '><span class=\"hr-inner-style\"><\/span><\/span><\/div>\n<div  class='flex_column av-ug3fez-88d7182ba3e7213d232d028a56830c3e av_one_third  avia-builder-el-37  el_after_av_hr  el_before_av_one_third  first flex_column_div  '     ><p>\n<style type=\"text\/css\" data-created_by=\"avia_inline_auto\" id=\"style-css-av-jm8si3-12e37fb628cd2df673ab22f9e4197cd2\">\n.avia-image-container.av-jm8si3-12e37fb628cd2df673ab22f9e4197cd2 img.avia_image{\nbox-shadow:none;\n}\n.avia-image-container.av-jm8si3-12e37fb628cd2df673ab22f9e4197cd2 .av-image-caption-overlay-center{\ncolor:#ffffff;\n}\n<\/style>\n<div  class='avia-image-container av-jm8si3-12e37fb628cd2df673ab22f9e4197cd2 av-styling- avia-align-center  avia-builder-el-38  el_before_av_textblock  avia-builder-el-first '   itemprop=\"image\" itemscope=\"itemscope\" itemtype=\"https:\/\/schema.org\/ImageObject\" ><div class=\"avia-image-container-inner\"><div class=\"avia-image-overlay-wrap\"><img decoding=\"async\" fetchpriority=\"high\" class='wp-image-19138 avia-img-lazy-loading-not-19138 avia_image ' src=\"https:\/\/terraforming.org\/wp-content\/uploads\/2024\/03\/Sinagoga-ACA_1966_compressed-523x523-1.jpg\" alt='' title='Sinagoga-ACA_1966_compressed-523x523 1'  height=\"523\" width=\"523\"  itemprop=\"thumbnailUrl\" srcset=\"https:\/\/terraforming.org\/wp-content\/uploads\/2024\/03\/Sinagoga-ACA_1966_compressed-523x523-1.jpg 523w, https:\/\/terraforming.org\/wp-content\/uploads\/2024\/03\/Sinagoga-ACA_1966_compressed-523x523-1-300x300.jpg 300w, https:\/\/terraforming.org\/wp-content\/uploads\/2024\/03\/Sinagoga-ACA_1966_compressed-523x523-1-80x80.jpg 80w, https:\/\/terraforming.org\/wp-content\/uploads\/2024\/03\/Sinagoga-ACA_1966_compressed-523x523-1-36x36.jpg 36w, https:\/\/terraforming.org\/wp-content\/uploads\/2024\/03\/Sinagoga-ACA_1966_compressed-523x523-1-180x180.jpg 180w\" sizes=\"(max-width: 523px) 100vw, 523px\" \/><\/div><\/div><\/div><br \/>\n<section  class='av_textblock_section av-lucjlr4d-65558b9bdf1ec4d0adc519a94a73a2f7 '   itemscope=\"itemscope\" itemtype=\"https:\/\/schema.org\/BlogPosting\" itemprop=\"blogPost\" ><div class='avia_textblock'  itemprop=\"text\" ><p>Program u <a href=\"https:\/\/svilara.kulturnestanice.rs\/\" target=\"_blank\" rel=\"noopener noreferrer nofollow\">KC Svilara<\/a> se realizuje u saradnji sa <a href=\"https:\/\/www.jons.rs\/\" target=\"_blank\" rel=\"noopener noreferrer nofollow\">Jevrejskom op\u0161tinom Novi Sad.<\/a><\/p>\n<\/div><\/section><\/p><\/div><div  class='flex_column av-n0txyj-60c4c2e013609ac7dc46d12bea0bf10a av_one_third  avia-builder-el-40  el_after_av_one_third  el_before_av_one_third  flex_column_div  '     ><\/div><div  class='flex_column av-18oy7wr-5514420dec92023a0a4a9b6d90566247 av_one_third  avia-builder-el-41  el_after_av_one_third  el_before_av_one_third  flex_column_div  '     ><p>\n<style type=\"text\/css\" data-created_by=\"avia_inline_auto\" id=\"style-css-av-lucjnlla-1328d50013e7004d920a3852b9416876\">\n.avia-image-container.av-lucjnlla-1328d50013e7004d920a3852b9416876 img.avia_image{\nbox-shadow:none;\n}\n.avia-image-container.av-lucjnlla-1328d50013e7004d920a3852b9416876 .av-image-caption-overlay-center{\ncolor:#ffffff;\n}\n<\/style>\n<div  class='avia-image-container av-lucjnlla-1328d50013e7004d920a3852b9416876 av-styling- avia-align-center  avia-builder-el-42  el_before_av_textblock  avia-builder-el-first '   itemprop=\"image\" itemscope=\"itemscope\" itemtype=\"https:\/\/schema.org\/ImageObject\" ><div class=\"avia-image-container-inner\"><div class=\"avia-image-overlay-wrap\"><img decoding=\"async\" fetchpriority=\"high\" class='wp-image-19118 avia-img-lazy-loading-not-19118 avia_image ' src=\"https:\/\/terraforming.org\/wp-content\/uploads\/2024\/03\/Screenshot-2024-03-29-at-120324.png\" alt='' title='Grafi\u010dka novela'  height=\"752\" width=\"752\"  itemprop=\"thumbnailUrl\" srcset=\"https:\/\/terraforming.org\/wp-content\/uploads\/2024\/03\/Screenshot-2024-03-29-at-120324.png 752w, https:\/\/terraforming.org\/wp-content\/uploads\/2024\/03\/Screenshot-2024-03-29-at-120324-300x300.png 300w, https:\/\/terraforming.org\/wp-content\/uploads\/2024\/03\/Screenshot-2024-03-29-at-120324-80x80.png 80w, https:\/\/terraforming.org\/wp-content\/uploads\/2024\/03\/Screenshot-2024-03-29-at-120324-36x36.png 36w, https:\/\/terraforming.org\/wp-content\/uploads\/2024\/03\/Screenshot-2024-03-29-at-120324-180x180.png 180w, https:\/\/terraforming.org\/wp-content\/uploads\/2024\/03\/Screenshot-2024-03-29-at-120324-705x705.png 705w\" sizes=\"(max-width: 752px) 100vw, 752px\" \/><\/div><\/div><\/div><br \/>\n<section  class='av_textblock_section av-lucjl5jy-f978634a18750a03b239ac52b30f0900 '   itemscope=\"itemscope\" itemtype=\"https:\/\/schema.org\/BlogPosting\" itemprop=\"blogPost\" ><div class='avia_textblock'  itemprop=\"text\" ><p>Kreiranje edukativne grfi\u010dke novele o deportaciji ba\u010dkih Jevreja sufinansira <a href=\"https:\/\/www.claimscon.org\/\" target=\"_blank\" rel=\"noopener noreferrer nofollow\">Claims Conference.<\/a><\/p>\n<\/div><\/section><\/p><\/div><div  class='flex_column av-ol3emj-5f38d5feb1d40b44bcd0ea47c72bf1c7 av_one_third  avia-builder-el-44  el_after_av_one_third  el_before_av_two_third  first flex_column_div  column-top-margin'     ><\/div><div  class='flex_column av-mqnfij-55b4c7b2661592aa3aeca55d8fde0d7b av_two_third  avia-builder-el-45  el_after_av_one_third  el_before_av_hr  flex_column_div  column-top-margin'     ><style type=\"text\/css\" data-created_by=\"avia_inline_auto\" id=\"style-css-av-lucou7gr-f6a914c44daabbe0ef9fd23aea56f4f4\">\n.avia-image-container.av-lucou7gr-f6a914c44daabbe0ef9fd23aea56f4f4 img.avia_image{\nbox-shadow:none;\n}\n.avia-image-container.av-lucou7gr-f6a914c44daabbe0ef9fd23aea56f4f4 .av-image-caption-overlay-center{\ncolor:#ffffff;\n}\n<\/style>\n<div  class='avia-image-container av-lucou7gr-f6a914c44daabbe0ef9fd23aea56f4f4 av-styling- avia-align-right  avia-builder-el-46  avia-builder-el-no-sibling '   itemprop=\"image\" itemscope=\"itemscope\" itemtype=\"https:\/\/schema.org\/ImageObject\" ><div class=\"avia-image-container-inner\"><div class=\"avia-image-overlay-wrap\"><img decoding=\"async\" fetchpriority=\"high\" class='wp-image-18838 avia-img-lazy-loading-not-18838 avia_image ' src=\"https:\/\/terraforming.org\/wp-content\/uploads\/2024\/01\/Claims.webp\" alt='Claims' title='Claims'  height=\"193\" width=\"800\"  itemprop=\"thumbnailUrl\" srcset=\"https:\/\/terraforming.org\/wp-content\/uploads\/2024\/01\/Claims.webp 800w, https:\/\/terraforming.org\/wp-content\/uploads\/2024\/01\/Claims-300x72.webp 300w, https:\/\/terraforming.org\/wp-content\/uploads\/2024\/01\/Claims-768x185.webp 768w, https:\/\/terraforming.org\/wp-content\/uploads\/2024\/01\/Claims-705x170.webp 705w\" sizes=\"(max-width: 800px) 100vw, 800px\" \/><\/div><\/div><\/div><\/div>\n<style type=\"text\/css\" data-created_by=\"avia_inline_auto\" id=\"style-css-av-vkrc17-3886ede81cd239c43b3c7a87f90b76fc\">\n#top .hr.hr-invisible.av-vkrc17-3886ede81cd239c43b3c7a87f90b76fc{\nheight:50px;\n}\n<\/style>\n<div  class='hr av-vkrc17-3886ede81cd239c43b3c7a87f90b76fc hr-invisible  avia-builder-el-47  el_after_av_two_third  el_before_av_one_third '><span class='hr-inner '><span class=\"hr-inner-style\"><\/span><\/span><\/div>\n<div  class='flex_column av-19sweln-2fa2b81ee1e13d1f03cafcbb112ae468 av_one_third  avia-builder-el-48  el_after_av_hr  el_before_av_one_third  first flex_column_div  '     ><\/div><div  class='flex_column av-2qnxnv-29d446b43a9b693fe67a1d8b7e28914a av_one_third  avia-builder-el-49  el_after_av_one_third  avia-builder-el-last  flex_column_div  '     ><p>\n<style type=\"text\/css\" data-created_by=\"avia_inline_auto\" id=\"style-css-av-lucp3hhy-406c5ecdcbc8d9a65fedc27f00ea33d5\">\n.avia-image-container.av-lucp3hhy-406c5ecdcbc8d9a65fedc27f00ea33d5 img.avia_image{\nbox-shadow:none;\n}\n.avia-image-container.av-lucp3hhy-406c5ecdcbc8d9a65fedc27f00ea33d5 .av-image-caption-overlay-center{\ncolor:#ffffff;\n}\n<\/style>\n<div  class='avia-image-container av-lucp3hhy-406c5ecdcbc8d9a65fedc27f00ea33d5 av-styling- av-img-linked avia-align-center  avia-builder-el-50  el_before_av_button  avia-builder-el-first '   itemprop=\"image\" itemscope=\"itemscope\" itemtype=\"https:\/\/schema.org\/ImageObject\" ><div class=\"avia-image-container-inner\"><div class=\"avia-image-overlay-wrap\"><a href=\"https:\/\/terraforming.org\/wp-content\/uploads\/2024\/03\/SVILARA-APRIL.pdf\" class='avia_image '  target=\"_blank\"  rel=\"noopener noreferrer\" ><img decoding=\"async\" fetchpriority=\"high\" class='wp-image- avia-img-lazy-loading-not- avia_image ' src=\"https:\/\/terraforming.org\/wp-content\/uploads\/2024\/03\/SVILARA-APRIL-A3-1-2-pdf-215x300.jpg\" alt='' title=''   itemprop=\"thumbnailUrl\"  \/><\/a><\/div><\/div><\/div><br \/>\n<div  class='avia-button-wrap av-lucp4pyq-18b573df6d016f0a58223347f6459f35-wrap avia-button-center  avia-builder-el-51  el_after_av_image  avia-builder-el-last '><a href='https:\/\/terraforming.org\/wp-content\/uploads\/2024\/03\/SVILARA-APRIL-A3-1-2.pdf'  class='avia-button av-lucp4pyq-18b573df6d016f0a58223347f6459f35 av-link-btn avia-icon_select-yes-left-icon avia-size-large avia-position-center avia-color-theme-color'  target=\"_blank\"  rel=\"noopener noreferrer\"  aria-label=\"Preuzmi plakat\"><span class='avia_button_icon avia_button_icon_left avia-iconfont avia-font-entypo-fontello' data-av_icon='\ue832' data-av_iconfont='entypo-fontello' ><\/span><span class='avia_iconbox_title' >Preuzmi plakat<\/span><\/a><\/div><\/p><\/div>\n","protected":false},"excerpt":{"rendered":"<p>Povodom obele\u017eavanja 80 godina od deportacije ba\u010dkih Jevreja u logor Au\u0161vic-Birkenau, 25. aprila u prostorijama KC Svilara u Novom Sadu, u saradnji sa JONS-om, Terraforming organizuje prigodan program.<\/p>\n","protected":false},"author":1,"featured_media":19177,"comment_status":"closed","ping_status":"open","sticky":false,"template":"","format":"standard","meta":{"_jetpack_memberships_contains_paid_content":false,"footnotes":"","jetpack_publicize_message":"","jetpack_publicize_feature_enabled":true,"jetpack_social_post_already_shared":true,"jetpack_social_options":{"image_generator_settings":{"template":"highway","default_image_id":0,"font":"","enabled":false},"version":2}},"categories":[118,115],"tags":[],"class_list":["post-19083","post","type-post","status-publish","format-standard","has-post-thumbnail","hentry","category-manifestacije","category-novosti"],"aioseo_notices":[],"jetpack_publicize_connections":[],"jetpack_featured_media_url":"https:\/\/terraforming.org\/wp-content\/uploads\/2024\/03\/3-1.png","jetpack_sharing_enabled":true,"_links":{"self":[{"href":"https:\/\/terraforming.org\/sr\/wp-json\/wp\/v2\/posts\/19083","targetHints":{"allow":["GET"]}}],"collection":[{"href":"https:\/\/terraforming.org\/sr\/wp-json\/wp\/v2\/posts"}],"about":[{"href":"https:\/\/terraforming.org\/sr\/wp-json\/wp\/v2\/types\/post"}],"author":[{"embeddable":true,"href":"https:\/\/terraforming.org\/sr\/wp-json\/wp\/v2\/users\/1"}],"replies":[{"embeddable":true,"href":"https:\/\/terraforming.org\/sr\/wp-json\/wp\/v2\/comments?post=19083"}],"version-history":[{"count":54,"href":"https:\/\/terraforming.org\/sr\/wp-json\/wp\/v2\/posts\/19083\/revisions"}],"predecessor-version":[{"id":19744,"href":"https:\/\/terraforming.org\/sr\/wp-json\/wp\/v2\/posts\/19083\/revisions\/19744"}],"wp:featuredmedia":[{"embeddable":true,"href":"https:\/\/terraforming.org\/sr\/wp-json\/wp\/v2\/media\/19177"}],"wp:attachment":[{"href":"https:\/\/terraforming.org\/sr\/wp-json\/wp\/v2\/media?parent=19083"}],"wp:term":[{"taxonomy":"category","embeddable":true,"href":"https:\/\/terraforming.org\/sr\/wp-json\/wp\/v2\/categories?post=19083"},{"taxonomy":"post_tag","embeddable":true,"href":"https:\/\/terraforming.org\/sr\/wp-json\/wp\/v2\/tags?post=19083"}],"curies":[{"name":"wp","href":"https:\/\/api.w.org\/{rel}","templated":true}]}}