{"id":25625,"date":"2025-10-07T11:57:55","date_gmt":"2025-10-07T09:57:55","guid":{"rendered":"https:\/\/terraforming.org\/inkluzivna-edukacija\/"},"modified":"2025-10-07T17:56:00","modified_gmt":"2025-10-07T15:56:00","slug":"inkluzivna-edukacija","status":"publish","type":"post","link":"https:\/\/terraforming.org\/sr\/inkluzivna-edukacija\/","title":{"rendered":"Inkluzivno obrazovanje i komemoracija &#8211; dvodnevna me\u0111unarodna radionica u Beogradu"},"content":{"rendered":"<div id='av_section_1'  class='avia-section av-28snmiu-dd9019c6bab377b48527531645533286 main_color avia-section-default avia-no-border-styling  avia-builder-el-0  el_before_av_section  avia-builder-el-first  avia-bg-style-scroll container_wrap fullsize'  ><div class='container av-section-cont-open' ><main  role=\"main\" itemprop=\"mainContentOfPage\"  class='template-page content  av-content-full alpha units'><div class='post-entry post-entry-type-page post-entry-25625'><div class='entry-content-wrapper clearfix'>\n<div  class='flex_column av-1o2eww6-5bc3440b62879b8b21d4917118692ef4 av_one_full  avia-builder-el-1  el_before_av_textblock  avia-builder-el-first  first flex_column_div  '     ><style type=\"text\/css\" data-created_by=\"avia_inline_auto\" id=\"style-css-av-mggd2cww-9528d49ec8e882a047f960ca2c474310\">\n.avia-image-container.av-mggd2cww-9528d49ec8e882a047f960ca2c474310 img.avia_image{\nbox-shadow:none;\n}\n.avia-image-container.av-mggd2cww-9528d49ec8e882a047f960ca2c474310 .av-image-caption-overlay-center{\ncolor:#ffffff;\n}\n<\/style>\n<div  class='avia-image-container av-mggd2cww-9528d49ec8e882a047f960ca2c474310 av-styling- avia-align-center  avia-builder-el-2  avia-builder-el-no-sibling '   itemprop=\"image\" itemscope=\"itemscope\" itemtype=\"https:\/\/schema.org\/ImageObject\" ><div class=\"avia-image-container-inner\"><div class=\"avia-image-overlay-wrap\"><img decoding=\"async\" fetchpriority=\"high\" class='wp-image-25618 avia-img-lazy-loading-not-25618 avia_image ' src=\"https:\/\/terraforming.org\/wp-content\/uploads\/2025\/10\/inclusive-1.jpg\" alt='' title='inkluzivno obrazovanje'  height=\"1080\" width=\"1920\"  itemprop=\"thumbnailUrl\" srcset=\"https:\/\/terraforming.org\/wp-content\/uploads\/2025\/10\/inclusive-1.jpg 1920w, https:\/\/terraforming.org\/wp-content\/uploads\/2025\/10\/inclusive-1-300x169.jpg 300w, https:\/\/terraforming.org\/wp-content\/uploads\/2025\/10\/inclusive-1-1030x579.jpg 1030w, https:\/\/terraforming.org\/wp-content\/uploads\/2025\/10\/inclusive-1-768x432.jpg 768w, https:\/\/terraforming.org\/wp-content\/uploads\/2025\/10\/inclusive-1-1536x864.jpg 1536w, https:\/\/terraforming.org\/wp-content\/uploads\/2025\/10\/inclusive-1-1500x844.jpg 1500w, https:\/\/terraforming.org\/wp-content\/uploads\/2025\/10\/inclusive-1-705x397.jpg 705w\" sizes=\"(max-width: 1920px) 100vw, 1920px\" \/><\/div><\/div><\/div><\/div><section  class='av_textblock_section av-mggd5a7d-ee3f5304bc49ac18058ed385356fabf6 '   itemscope=\"itemscope\" itemtype=\"https:\/\/schema.org\/BlogPosting\" itemprop=\"blogPost\" ><div class='avia_textblock'  itemprop=\"text\" ><p><em>Doga\u0111aj je sufinansiran od strane Evropske unije &#8211; programa Gra\u0111ani, jednakost, prava i vrednosti, programa grantova Me\u0111unarodne alijanse za se\u0107anje na Holokaust (IHRA), Fondacije Stiftung Erinnerung, Verantwortung und Zukunft (EVZ) uz finansiranje nema\u010dkog Saveznog ministarstva spoljnih poslova u okviru me\u0111unarodnog programa &#8222;Mladi se se\u0107aju&#8220;, i programa Kreativna partnerstva \u0160vedskog instituta.<\/em><\/p>\n<\/div><\/section>\n\n<p><\/div><\/div><\/main><!-- close content main element --><\/div><\/div><div id='av_section_2'  class='avia-section av-ywflnq-2892fad1a491bf54a296b0d469507eb7 main_color avia-section-default avia-no-border-styling  avia-builder-el-4  el_after_av_section  el_before_av_section  avia-bg-style-scroll container_wrap fullsize'  ><div class='container av-section-cont-open' ><div class='template-page content  av-content-full alpha units'><div class='post-entry post-entry-type-page post-entry-25625'><div class='entry-content-wrapper clearfix'>\n<div  class='flex_column av-wfq0iu-c4a1a90b340059353c5d00ccc1085842 av_one_full  avia-builder-el-5  avia-builder-el-no-sibling  first flex_column_div  '     ><section  class='av_textblock_section av-mggdl9wz-07323816858b71392ca94ba97f8aa624 '   itemscope=\"itemscope\" itemtype=\"https:\/\/schema.org\/BlogPosting\" itemprop=\"blogPost\" ><div class='avia_textblock'  itemprop=\"text\" ><h2>Me\u0111unarodne radionice u okviru projekta Pasostar ando prastape \u2013 Iz kasa u galop<\/h2>\n<p>U okviru me\u0111unarodnog projekta <a href=\"https:\/\/terraforming.org\/sr\/terraproject\/pasostar-ando-prastape-projeckat-sr\/\">\u201ePasostar ando Prastape \u2013 Iz kasa u galop: Me\u0111unarodni inkubator za preispitivanje i inovacije u obrazovanju o genocidu nad Romima tokom nacisti\u010dke ere,&#8220;<\/a> organizujemo niz me\u0111unarodnih radionica. Ove radionice imaju za cilj istra\u017eivanje novih pristupa u obrazovanju o progonu i genocidu nad Romima i Sintima i njihovom komemoriranju. Projekat podr\u017eava nacionalnu implementaciju IHRA preporuka o podu\u010davanju i u\u010denju o progonu i genocidu nad Romima tokom nacisti\u010dke ere.  <\/p>\n<p>Radionica 1, <strong>Pogre\u0161no predstavljanje Roma i Sinta u obrazovanju, muzejima i memorijalima<\/strong> odr\u017eana je u Be\u010du, Austrija, 7-8. aprila 2025. godine, u Austrijskoj akademiji nauka u saradnji sa <a href=\"https:\/\/www.oeaw.ac.at\/en\/ikw\/home\" target=\"_blank\" rel=\"noopener noreferrer nofollow\">Institutom za studije kulture<\/a>.<\/p>\n<p>Radionica 2, <strong>Glasovi Roma u obrazovanju i memorijalizaciji genocida nad Romima<\/strong>, odr\u017eana je u Vesterborku i Asenu, Holandija, 10-11. juna 2025. godine, u saradnji sa <a href=\"https:\/\/kampwesterbork.nl\/\" target=\"_blank\" rel=\"noopener noreferrer nofollow\">Memorijalnim centrom Kamp Vesterbork<\/a>.<\/p>\n<p>Tre\u0107a i poslednja radionica u nizu, <strong>Inkluzivno obrazovanje i komemoracija genocida nad Romima<\/strong>, odr\u017eava se u Beogradu od 8. do 10. oktobra.<\/p>\n<blockquote>\n<p>Ovo \u0107e biti najve\u0107a radionica, sa skoro 60 registrovanih u\u010desnika iz 15 zemalja \u0161irom sveta, uklju\u010duju\u0107i Hrvatsku, \u010ce\u0161ku, Nema\u010dku, Gr\u010dku, Ma\u0111arsku, Italiju, Luksemburg, Holandiju, Poljsku, Rumuniju, Srbiju, \u0160paniju, \u0160vedsku, Ukrajinu i SAD.<\/p>\n<\/blockquote>\n<\/div><\/section><\/div>\n<\/div><\/div><\/div><!-- close content main div --><\/div><\/div><div id='av_section_3'  class='avia-section av-1wvt3hi-5c010477cdb69d3e0fdbbb8fd163d0fa main_color avia-section-default avia-no-border-styling  avia-builder-el-7  el_after_av_section  avia-builder-el-last  avia-bg-style-scroll container_wrap fullsize'  ><div class='container av-section-cont-open' ><div class='template-page content  av-content-full alpha units'><div class='post-entry post-entry-type-page post-entry-25625'><div class='entry-content-wrapper clearfix'>\n<div  class='flex_column av-1qvkgkm-009467e1b13ab011181ccba351d2231f av_one_full  avia-builder-el-8  el_before_av_three_fifth  avia-builder-el-first  first flex_column_div  '     ><section  class='av_textblock_section av-mggdo3hr-4625121d7c1aa872813f711f93bf4e9c '   itemscope=\"itemscope\" itemtype=\"https:\/\/schema.org\/BlogPosting\" itemprop=\"blogPost\" ><div class='avia_textblock'  itemprop=\"text\" ><p>Pogledajte program:<\/p>\n<\/div><\/section><\/div><div  class='flex_column av-15ht4jq-2bd05769df8ec75cb24915d9ac220b0f av_three_fifth  avia-builder-el-10  el_after_av_one_full  el_before_av_two_fifth  first flex_column_div  column-top-margin'     ><style type=\"text\/css\" data-created_by=\"avia_inline_auto\" id=\"style-css-av-mggduv1m-8c503cb0f4c82231a8a5b5613fd22b06\">\n.avia-image-container.av-mggduv1m-8c503cb0f4c82231a8a5b5613fd22b06 img.avia_image{\nbox-shadow:none;\n}\n.avia-image-container.av-mggduv1m-8c503cb0f4c82231a8a5b5613fd22b06 .av-image-caption-overlay-center{\ncolor:#ffffff;\n}\n<\/style>\n<div  class='avia-image-container av-mggduv1m-8c503cb0f4c82231a8a5b5613fd22b06 av-styling- av-img-linked avia-align-center  avia-builder-el-11  avia-builder-el-no-sibling '   itemprop=\"image\" itemscope=\"itemscope\" itemtype=\"https:\/\/schema.org\/ImageObject\" ><div class=\"avia-image-container-inner\"><div class=\"avia-image-overlay-wrap\"><a href=\"https:\/\/terraforming.org\/wp-content\/uploads\/2025\/10\/Program-1-1030x737.jpg\" data-srcset=\"https:\/\/terraforming.org\/wp-content\/uploads\/2025\/10\/Program-1-1030x737.jpg 1030w, https:\/\/terraforming.org\/wp-content\/uploads\/2025\/10\/Program-1-300x215.jpg 300w, https:\/\/terraforming.org\/wp-content\/uploads\/2025\/10\/Program-1-768x550.jpg 768w, https:\/\/terraforming.org\/wp-content\/uploads\/2025\/10\/Program-1-1536x1100.jpg 1536w, https:\/\/terraforming.org\/wp-content\/uploads\/2025\/10\/Program-1-2048x1466.jpg 2048w, https:\/\/terraforming.org\/wp-content\/uploads\/2025\/10\/Program-1-1500x1074.jpg 1500w, https:\/\/terraforming.org\/wp-content\/uploads\/2025\/10\/Program-1-260x185.jpg 260w, https:\/\/terraforming.org\/wp-content\/uploads\/2025\/10\/Program-1-705x505.jpg 705w\" data-sizes=\"(max-width: 1030px) 100vw, 1030px\" class='avia_image '  aria-label='Program'><img decoding=\"async\" fetchpriority=\"high\" class='wp-image-25619 avia-img-lazy-loading-not-25619 avia_image ' src=\"https:\/\/terraforming.org\/wp-content\/uploads\/2025\/10\/Program-1-scaled.jpg\" alt='' title='Program'  height=\"1833\" width=\"2560\"  itemprop=\"thumbnailUrl\" srcset=\"https:\/\/terraforming.org\/wp-content\/uploads\/2025\/10\/Program-1-scaled.jpg 2560w, https:\/\/terraforming.org\/wp-content\/uploads\/2025\/10\/Program-1-300x215.jpg 300w, https:\/\/terraforming.org\/wp-content\/uploads\/2025\/10\/Program-1-1030x737.jpg 1030w, https:\/\/terraforming.org\/wp-content\/uploads\/2025\/10\/Program-1-768x550.jpg 768w, https:\/\/terraforming.org\/wp-content\/uploads\/2025\/10\/Program-1-1536x1100.jpg 1536w, https:\/\/terraforming.org\/wp-content\/uploads\/2025\/10\/Program-1-2048x1466.jpg 2048w, https:\/\/terraforming.org\/wp-content\/uploads\/2025\/10\/Program-1-1500x1074.jpg 1500w, https:\/\/terraforming.org\/wp-content\/uploads\/2025\/10\/Program-1-260x185.jpg 260w, https:\/\/terraforming.org\/wp-content\/uploads\/2025\/10\/Program-1-705x505.jpg 705w\" sizes=\"(max-width: 2560px) 100vw, 2560px\" \/><\/a><\/div><\/div><\/div><\/div><div  class='flex_column av-lg3h1i-f467739a770527ad192c79a739803d7a av_two_fifth  avia-builder-el-12  el_after_av_three_fifth  avia-builder-el-last  flex_column_div  column-top-margin'     ><style type=\"text\/css\" data-created_by=\"avia_inline_auto\" id=\"style-css-av-mggdv8my-5925d325dfa5ed78a5a3d4fc26c331b0\">\n.avia-image-container.av-mggdv8my-5925d325dfa5ed78a5a3d4fc26c331b0 img.avia_image{\nbox-shadow:none;\n}\n.avia-image-container.av-mggdv8my-5925d325dfa5ed78a5a3d4fc26c331b0 .av-image-caption-overlay-center{\ncolor:#ffffff;\n}\n<\/style>\n<div  class='avia-image-container av-mggdv8my-5925d325dfa5ed78a5a3d4fc26c331b0 av-styling- av-img-linked avia-align-center  avia-builder-el-13  avia-builder-el-no-sibling '   itemprop=\"image\" itemscope=\"itemscope\" itemtype=\"https:\/\/schema.org\/ImageObject\" ><div class=\"avia-image-container-inner\"><div class=\"avia-image-overlay-wrap\"><a href=\"https:\/\/terraforming.org\/wp-content\/uploads\/2025\/10\/program-2-950x1030.jpg\" data-srcset=\"https:\/\/terraforming.org\/wp-content\/uploads\/2025\/10\/program-2-950x1030.jpg 950w, https:\/\/terraforming.org\/wp-content\/uploads\/2025\/10\/program-2-277x300.jpg 277w, https:\/\/terraforming.org\/wp-content\/uploads\/2025\/10\/program-2-768x833.jpg 768w, https:\/\/terraforming.org\/wp-content\/uploads\/2025\/10\/program-2-1417x1536.jpg 1417w, https:\/\/terraforming.org\/wp-content\/uploads\/2025\/10\/program-2-1384x1500.jpg 1384w, https:\/\/terraforming.org\/wp-content\/uploads\/2025\/10\/program-2-650x705.jpg 650w, https:\/\/terraforming.org\/wp-content\/uploads\/2025\/10\/program-2.jpg 1832w\" data-sizes=\"(max-width: 950px) 100vw, 950px\" class='avia_image '  aria-label='Program'><img decoding=\"async\" fetchpriority=\"high\" class='wp-image-25620 avia-img-lazy-loading-not-25620 avia_image ' src=\"https:\/\/terraforming.org\/wp-content\/uploads\/2025\/10\/program-2.jpg\" alt='' title='Program'  height=\"1986\" width=\"1832\"  itemprop=\"thumbnailUrl\" srcset=\"https:\/\/terraforming.org\/wp-content\/uploads\/2025\/10\/program-2.jpg 1832w, https:\/\/terraforming.org\/wp-content\/uploads\/2025\/10\/program-2-277x300.jpg 277w, https:\/\/terraforming.org\/wp-content\/uploads\/2025\/10\/program-2-950x1030.jpg 950w, https:\/\/terraforming.org\/wp-content\/uploads\/2025\/10\/program-2-768x833.jpg 768w, https:\/\/terraforming.org\/wp-content\/uploads\/2025\/10\/program-2-1417x1536.jpg 1417w, https:\/\/terraforming.org\/wp-content\/uploads\/2025\/10\/program-2-1384x1500.jpg 1384w, https:\/\/terraforming.org\/wp-content\/uploads\/2025\/10\/program-2-650x705.jpg 650w\" sizes=\"(max-width: 1832px) 100vw, 1832px\" \/><\/a><\/div><\/div><\/div><\/div>\n<\/p>\n","protected":false},"excerpt":{"rendered":"<p>Tre\u0107a i poslednja radionica u nizu me\u0111unarodnih okupljanja, Inkluzivno obrazovanje i komemoracija genocida nad Romima, odr\u017eava se u Beogradu od 8. do 10. oktobra, sa skoro 60 u\u010desnika iz 15 zemalja.<\/p>\n","protected":false},"author":1,"featured_media":25621,"comment_status":"closed","ping_status":"closed","sticky":false,"template":"","format":"standard","meta":{"_jetpack_memberships_contains_paid_content":false,"footnotes":"","jetpack_publicize_message":"","jetpack_publicize_feature_enabled":true,"jetpack_social_post_already_shared":true,"jetpack_social_options":{"image_generator_settings":{"template":"highway","default_image_id":0,"font":"","enabled":false},"version":2}},"categories":[115],"tags":[],"class_list":["post-25625","post","type-post","status-publish","format-standard","has-post-thumbnail","hentry","category-novosti"],"aioseo_notices":[],"jetpack_publicize_connections":[],"jetpack_featured_media_url":"https:\/\/terraforming.org\/wp-content\/uploads\/2025\/10\/4-1.jpg","jetpack_sharing_enabled":true,"_links":{"self":[{"href":"https:\/\/terraforming.org\/sr\/wp-json\/wp\/v2\/posts\/25625","targetHints":{"allow":["GET"]}}],"collection":[{"href":"https:\/\/terraforming.org\/sr\/wp-json\/wp\/v2\/posts"}],"about":[{"href":"https:\/\/terraforming.org\/sr\/wp-json\/wp\/v2\/types\/post"}],"author":[{"embeddable":true,"href":"https:\/\/terraforming.org\/sr\/wp-json\/wp\/v2\/users\/1"}],"replies":[{"embeddable":true,"href":"https:\/\/terraforming.org\/sr\/wp-json\/wp\/v2\/comments?post=25625"}],"version-history":[{"count":4,"href":"https:\/\/terraforming.org\/sr\/wp-json\/wp\/v2\/posts\/25625\/revisions"}],"predecessor-version":[{"id":25629,"href":"https:\/\/terraforming.org\/sr\/wp-json\/wp\/v2\/posts\/25625\/revisions\/25629"}],"wp:featuredmedia":[{"embeddable":true,"href":"https:\/\/terraforming.org\/sr\/wp-json\/wp\/v2\/media\/25621"}],"wp:attachment":[{"href":"https:\/\/terraforming.org\/sr\/wp-json\/wp\/v2\/media?parent=25625"}],"wp:term":[{"taxonomy":"category","embeddable":true,"href":"https:\/\/terraforming.org\/sr\/wp-json\/wp\/v2\/categories?post=25625"},{"taxonomy":"post_tag","embeddable":true,"href":"https:\/\/terraforming.org\/sr\/wp-json\/wp\/v2\/tags?post=25625"}],"curies":[{"name":"wp","href":"https:\/\/api.w.org\/{rel}","templated":true}]}}